{"id":991,"date":"2009-09-09T01:23:25","date_gmt":"2009-09-09T04:23:25","guid":{"rendered":"http:\/\/pandc.10z.com.ar\/?p=991"},"modified":"2011-04-17T10:33:30","modified_gmt":"2011-04-17T13:33:30","slug":"fausto-leali-una-piccola-parte-di-te-2009","status":"publish","type":"post","link":"https:\/\/pandc.10z.com.ar\/?p=991","title":{"rendered":"Fausto Leali &#8211; Una Piccola Parte Di Te (2009)"},"content":{"rendered":"<p style=\"text-align: center;\"><a href=\"https:\/\/pandc.10z.com.ar\/wp-content\/img\/LealiPiccolaFront.jpg\" target=\"_blank\"><img loading=\"lazy\" decoding=\"async\" class=\"aligncenter\" title=\"LealiPiccolaFront\" src=\"https:\/\/pandc.10z.com.ar\/wp-content\/img\/LealiPiccolaFront.jpg\" alt=\"\" width=\"400\" height=\"400\" \/><\/a><\/p>\n<p style=\"text-align: center;\">\n<p style=\"text-align: center;\"><a href=\"https:\/\/pandc.10z.com.ar\/wp-content\/img\/LealiPiccolaRetro.jpg\" target=\"_blank\"><img loading=\"lazy\" decoding=\"async\" class=\"aligncenter\" title=\"LealiPiccolaRetro\" src=\"https:\/\/pandc.10z.com.ar\/wp-content\/img\/LealiPiccolaRetro.jpg\" alt=\"\" width=\"400\" height=\"320\" \/><\/a><\/p>\n<p style=\"text-align: center;\">\n<p style=\"text-align: center;\"><a href=\"https:\/\/pandc.10z.com.ar\/wp-content\/img\/LealiPiccolaCD.jpg\" target=\"_blank\"><img loading=\"lazy\" decoding=\"async\" class=\"aligncenter\" title=\"LealiPiccolaCD\" src=\"https:\/\/pandc.10z.com.ar\/wp-content\/img\/LealiPiccolaCD.jpg\" alt=\"\" width=\"400\" height=\"400\" \/><\/a><\/p>\n<p style=\"text-align: center;\">\n<p>Temas in\u00e9ditos junto con cover de \u00e9xito, esto es \u00abUna piccola parte di te\u00bb, el \u00faltimo \u00e1lbum de Fausto Leali. La canci\u00f3n t\u00edtulo, que habla de las relaciones entre padres e hijos, es interpretada magistralmente por Leali con su c\u00e1lida voz.<\/p>\n<p>Fausto Leali naci\u00f3 en Nuvolento, Brescia, el 29 de octubre de 1944.<br \/>\nUna voz ronca y agresiva, en contraste con los esquemas mel\u00f3dicos italianos de los a\u00f1os sesenta, le vali\u00f3 el apodo de \u00abnegro bianco\u00bb.<br \/>\nGraba su primer sencillo en 1962, bajo el pseud\u00f3nimo de Fausto Denis, por la \u00abNuova Enigmistica Tascabile\u00bb, revista de crucigramas que ofrec\u00eda en el diario un disco a 45 giros (y en la que debut\u00f3 tambi\u00e9n Franco Battiato).<\/p>\n<p>En 1967 obtiene su primer \u00e9xito verdadero con \u00abA chi\u00bb, cover italiana de \u00abHurt\u00bb de Roy Hamilton, y participa por primera vez a \u00abUn disco per l&#8217;estate\u00bb con \u00abSenza di te\u00bb. Siguen muchos temas de \u00e9xito como \u00abAngeli negri\u00bb (cover de Angelitos negros, tema de Pedro Infante de 1948), \u00abDeborah\u00bb, \u00abSenza luce\u00bb y \u00abUn&#8217;ora fa\u00bb.<\/p>\n<p>Despu\u00e9s de un per\u00edodo obscuro vuelve en 1976 con \u00abIo camminer\u00f2\u00bb, escrita por Umberto Tozzi y que entra en los primeros lugares de la clasificaci\u00f3n; en 1989 suscita entusiasmo con una versi\u00f3n intensa de \u00abMalafemmena\u00bb, canci\u00f3n que escribi\u00f3 el gran actor Tot\u00f3 en 1951.<\/p>\n<p>En Sanremo 1987 llega cuarto con \u00abIo ti amo\u00bb, y el a\u00f1o siguiente le toca el quinto lugar con \u00abMi manchi\u00bb. Finalmente en 1989 gana el festival de Sanremo con \u00abTi lascer\u00f2\u00bb, cantada con Anna Oxa. Los dos artistas haran duo en Eurofestival con \u00abAvrei voluto\u00bb.<br \/>\nEn el 2003 vuelve al festival de Sanremo con el sencillo \u00abEri tu\u00bb, gran \u00e9xito que alcanzar\u00e1 el Disco de Platino.<br \/>\nY llegando al 2009 vuelve a Sanremo con \u00abUna piccola parte di te\u00bb, tema que da el t\u00edtulo a este nuevo \u00e1lbum.<\/p>\n<p>***<\/p>\n<p><strong>Tracklist:<\/strong><\/p>\n<p>1. Una piccola parte di te<br \/>\n2. Vorrei amore vorrei<br \/>\n3. Nascera&#8217;<br \/>\n4. Non credere<br \/>\n5. Guerriero d&#8217;amore<br \/>\n6. Sei bellissima<br \/>\n7. Luci a san siro<br \/>\n8. Un&#8217;altra volta<br \/>\n9. Almeno tu nell&#8217;universo<br \/>\n10. La valigia dell&#8217;attore<br \/>\n11. Prop la mar<\/p>\n<p>***<\/p>\n<p><a href=\"http:\/\/www.megaupload.com\/?d=UZ118SNW\">MU Aqu\u00ed<\/a><\/p>\n<p><a href=\"http:\/\/rapidshare.com\/files\/277380039\/Fausto09Piccola.rar\">RS Aqu\u00ed<\/a><\/p>\n<p>***<\/p>\n","protected":false},"excerpt":{"rendered":"<p>Temas in\u00e9ditos junto con cover de \u00e9xito, esto es \u00abUna piccola parte di te\u00bb, el \u00faltimo \u00e1lbum de Fausto Leali. La canci\u00f3n t\u00edtulo, que habla de las relaciones entre padres e hijos, es interpretada magistralmente por Leali con su c\u00e1lida voz. Fausto Leali naci\u00f3 en Nuvolento, Brescia, el 29 de octubre de 1944. Una voz [&hellip;]<\/p>\n","protected":false},"author":4,"featured_media":0,"comment_status":"open","ping_status":"open","sticky":false,"template":"","format":"standard","meta":{"footnotes":""},"categories":[120],"tags":[3,41],"class_list":["post-991","post","type-post","status-publish","format-standard","hentry","category-fausto-leali","tag-italia","tag-pop"],"_links":{"self":[{"href":"https:\/\/pandc.10z.com.ar\/index.php?rest_route=\/wp\/v2\/posts\/991","targetHints":{"allow":["GET"]}}],"collection":[{"href":"https:\/\/pandc.10z.com.ar\/index.php?rest_route=\/wp\/v2\/posts"}],"about":[{"href":"https:\/\/pandc.10z.com.ar\/index.php?rest_route=\/wp\/v2\/types\/post"}],"author":[{"embeddable":true,"href":"https:\/\/pandc.10z.com.ar\/index.php?rest_route=\/wp\/v2\/users\/4"}],"replies":[{"embeddable":true,"href":"https:\/\/pandc.10z.com.ar\/index.php?rest_route=%2Fwp%2Fv2%2Fcomments&post=991"}],"version-history":[{"count":0,"href":"https:\/\/pandc.10z.com.ar\/index.php?rest_route=\/wp\/v2\/posts\/991\/revisions"}],"wp:attachment":[{"href":"https:\/\/pandc.10z.com.ar\/index.php?rest_route=%2Fwp%2Fv2%2Fmedia&parent=991"}],"wp:term":[{"taxonomy":"category","embeddable":true,"href":"https:\/\/pandc.10z.com.ar\/index.php?rest_route=%2Fwp%2Fv2%2Fcategories&post=991"},{"taxonomy":"post_tag","embeddable":true,"href":"https:\/\/pandc.10z.com.ar\/index.php?rest_route=%2Fwp%2Fv2%2Ftags&post=991"}],"curies":[{"name":"wp","href":"https:\/\/api.w.org\/{rel}","templated":true}]}}