{"id":99,"date":"2009-07-12T02:30:19","date_gmt":"2009-07-12T05:30:19","guid":{"rendered":"http:\/\/pandc.10z.com.ar\/?p=99"},"modified":"2011-04-07T10:49:31","modified_gmt":"2011-04-07T13:49:31","slug":"99","status":"publish","type":"post","link":"https:\/\/pandc.10z.com.ar\/?p=99","title":{"rendered":"Caetano Veloso \u2013 Zii e Zie (2009)"},"content":{"rendered":"<p style=\"text-align: center;\"><a href=\"https:\/\/pandc.10z.com.ar\/wp-content\/uploads\/2009\/07\/Caetano-Veloso-Zii-e-Zie-2009-front.jpg\"><img loading=\"lazy\" decoding=\"async\" class=\"aligncenter size-full wp-image-428\" title=\"Caetano Veloso - Zii e Zie (2009) front\" src=\"https:\/\/pandc.10z.com.ar\/wp-content\/uploads\/2009\/07\/Caetano-Veloso-Zii-e-Zie-2009-front.jpg\" alt=\"Caetano Veloso - Zii e Zie (2009) front\" width=\"400\" height=\"400\" \/><\/a><\/p>\n<p><a href=\"https:\/\/pandc.10z.com.ar\/wp-content\/uploads\/2009\/07\/Caetano-Veloso-back.jpg\"><img loading=\"lazy\" decoding=\"async\" class=\"size-full wp-image-97 aligncenter\" title=\"Caetano Veloso back\" src=\"https:\/\/pandc.10z.com.ar\/wp-content\/uploads\/Small\/Caetano-Veloso-back.jpg\" alt=\"Caetano Veloso back\" width=\"400\" height=\"400\" \/><\/a><\/p>\n<p style=\"text-align: center;\"><a href=\"https:\/\/pandc.10z.com.ar\/wp-content\/uploads\/2009\/07\/Caetano-Veloso-Zii-e-Zie-2009-CD.jpg\"><img loading=\"lazy\" decoding=\"async\" class=\"aligncenter size-full wp-image-427\" title=\"Caetano Veloso - Zii e Zie (2009) CD\" src=\"https:\/\/pandc.10z.com.ar\/wp-content\/uploads\/2009\/07\/Caetano-Veloso-Zii-e-Zie-2009-CD.jpg\" alt=\"Caetano Veloso - Zii e Zie (2009) CD\" width=\"400\" height=\"400\" \/><\/a><\/p>\n<p>El nuevo \u00e1lbum del genial <strong>Caetano Veloso <\/strong>se llama <em>&#8216;Zii e Zie&#8217; <\/em>(que ser\u00eda &#8216;T\u00edos y t\u00edas&#8217; en italiano). El t\u00edtulo surgi\u00f3 durante un viaje a Turqu\u00eda, en el que estaba leyendo un libro de Oman Pahmuk en italiano. Vio como sonaban \u201czii e zie\u201d juntas y reemplazo con ese nombre a \u201cObra en Progreso\u201d, t\u00edtulo original del \u00e1lbum.<\/p>\n<p>Este nuevo disco vuelve a dar cierta continuidad al trabajo de estudio del m\u00fasico bahiano, con apoyo nuevamente del grupo C\u00e9, formado por cuatro j\u00f3venes instrumentistas roqueros.<\/p>\n<p>No hay muchos artistas que puedan usar s\u00f3lo su primer nombre en la tapa de sus discos, y <strong>Caetano Veloso<\/strong> pertenece a esa elite. Y se gan\u00f3 ese lugar desde su trabajo de experimentaci\u00f3n con el movimiento de la Tropical\u00eda, en la d\u00e9cada de 1960, hasta el presente. En aquel momento sacudi\u00f3 a la m\u00fasica brasile\u00f1a mezclando el sonido de la bossa con el rock. Sus experimentos continuaron a trav\u00e9s de los a\u00f1os, hasta llegar a este nuevo disco, en el que nuevamente sigue experimentando.<\/p>\n<p>Las canciones son \u00edntimas y sorprendentes, con ataques sorpresivos de guitarras el\u00e9ctricas tocadas por el mismo Veloso y Pedro Sa, meti\u00e9ndose con el funk y el rock, pero sin perder un notable color brasile\u00f1o.<\/p>\n<p>En \u201cZii e Zie\u201d lo \u201cbrasile\u00f1o\u201d est\u00e1 presente todo el tiempo, y tranquilamente uno podr\u00eda imaginar a estos tracks siendo parte de otros discos de Caetano. \u201cA cor amarela\u201d, por ejemplo, bien podr\u00eda ser parte de \u201cCirculado\u201d o \u201cNoites do norte\u201d.\u00a0 Aquellos a los que la crudeza de \u201cC\u00ea\u201d no les gust\u00f3, podr\u00e1n hacer las paces a partir de este disco, producido por Moreno Veloso y Pedro S\u00e1.<\/p>\n<p>Caetano reconoce la importancia de la banda que lo acompa\u00f1a, a tal punto de figurar en la contratapa del disco. Pero la importancia se demuestra al escuchar el trabajo, con una gran versatilidad interpretativa. Caetano le canta a Rio de Janeiro, hace canci\u00f3n de protesta, pintura social\u2026 pero desde un lugar diferente, pero absolutamente directo y contundente.<\/p>\n<p><strong>M\u00fasicos:<\/strong><\/p>\n<p>Pedro S\u00e1: guitarra, coro, palmas<br \/>\nRicardo Dias Gomes: bajo, Rhodes, coro, palmas<br \/>\nMarcelo Callado: bater\u00eda, coro, palmas<br \/>\nCaetano Veloso: guitarra ac\u00fastica, voz y palmas<\/p>\n<p><strong>Tracklist:<\/strong><\/p>\n<p>01. Perdeu (Caetano Veloso)<br \/>\n02. Sem Cais (Pedro S\u00e1 \u2013 Caetano Veloso)<br \/>\n03. Por Quem? (Caetano Veloso)<br \/>\n04. Lob\u00e3o Tem Raz\u00e3o (Caetano Veloso)<br \/>\n05. A Cor Amarela (Caetano Veloso)<br \/>\n06. Base de Guant\u00e1namo (Caetano Veloso)<br \/>\n07. Falso Leblon (Caetano Veloso)<br \/>\n08. Incompatibilidade de G\u00eanios (Jo\u00e2o Bosco \u2013 Aldir Blanc)<br \/>\n09. Tarado ni voc\u00ea (Caetano Veloso)<br \/>\n10. Menina da Ria (Caetano veloso)<br \/>\n11. Ingenuidade (Serafim Adriano)<br \/>\n12. Lapa (Caetano Veloso)<br \/>\n13. Diferentemente (Caetano Veloso)<\/p>\n<p>***<\/p>\n<p><strong><a href=\"http:\/\/www.megaupload.com\/?d=V1WAZAZG\">MU Aqu\u00ed<\/a><br \/>\n<a href=\"http:\/\/www.megaupload.com\/?d=5O5LYO6J\">MU Aqu\u00ed<\/a><\/strong><\/p>\n<p><a href=\"http:\/\/rapidshare.com\/files\/254731379\/CV-ZiiZie.PC.rar\"><strong>RS Aqu\u00ed<\/strong><\/a><\/p>\n<p>***<\/p>\n","protected":false},"excerpt":{"rendered":"<p>El nuevo \u00e1lbum del genial Caetano Veloso se llama &#8216;Zii e Zie&#8217; (que ser\u00eda &#8216;T\u00edos y t\u00edas&#8217; en italiano). El t\u00edtulo surgi\u00f3 durante un viaje a Turqu\u00eda, en el que estaba leyendo un libro de Oman Pahmuk en italiano. Vio como sonaban \u201czii e zie\u201d juntas y reemplazo con ese nombre a \u201cObra en Progreso\u201d, [&hellip;]<\/p>\n","protected":false},"author":5,"featured_media":0,"comment_status":"open","ping_status":"open","sticky":false,"template":"","format":"standard","meta":{"footnotes":""},"categories":[13],"tags":[12],"class_list":["post-99","post","type-post","status-publish","format-standard","hentry","category-caetano-veloso","tag-brasil"],"_links":{"self":[{"href":"https:\/\/pandc.10z.com.ar\/index.php?rest_route=\/wp\/v2\/posts\/99","targetHints":{"allow":["GET"]}}],"collection":[{"href":"https:\/\/pandc.10z.com.ar\/index.php?rest_route=\/wp\/v2\/posts"}],"about":[{"href":"https:\/\/pandc.10z.com.ar\/index.php?rest_route=\/wp\/v2\/types\/post"}],"author":[{"embeddable":true,"href":"https:\/\/pandc.10z.com.ar\/index.php?rest_route=\/wp\/v2\/users\/5"}],"replies":[{"embeddable":true,"href":"https:\/\/pandc.10z.com.ar\/index.php?rest_route=%2Fwp%2Fv2%2Fcomments&post=99"}],"version-history":[{"count":0,"href":"https:\/\/pandc.10z.com.ar\/index.php?rest_route=\/wp\/v2\/posts\/99\/revisions"}],"wp:attachment":[{"href":"https:\/\/pandc.10z.com.ar\/index.php?rest_route=%2Fwp%2Fv2%2Fmedia&parent=99"}],"wp:term":[{"taxonomy":"category","embeddable":true,"href":"https:\/\/pandc.10z.com.ar\/index.php?rest_route=%2Fwp%2Fv2%2Fcategories&post=99"},{"taxonomy":"post_tag","embeddable":true,"href":"https:\/\/pandc.10z.com.ar\/index.php?rest_route=%2Fwp%2Fv2%2Ftags&post=99"}],"curies":[{"name":"wp","href":"https:\/\/api.w.org\/{rel}","templated":true}]}}