{"id":969,"date":"2020-03-01T12:11:00","date_gmt":"2020-03-01T15:11:00","guid":{"rendered":"http:\/\/pandc.10z.com.ar\/?p=969"},"modified":"2020-03-01T12:36:07","modified_gmt":"2020-03-01T15:36:07","slug":"mercedes-sosa-cantora-1-2009","status":"publish","type":"post","link":"https:\/\/pandc.10z.com.ar\/?p=969","title":{"rendered":"Mercedes Sosa &#8211; Cantora 1 (2009)"},"content":{"rendered":"<p><a href=\"https:\/\/pandc.10z.com.ar\/wp-content\/img\/Mercedescantora1front.jpg\" target=\"_blank\" rel=\"noopener noreferrer\"><img loading=\"lazy\" decoding=\"async\" class=\"aligncenter\" src=\"https:\/\/pandc.10z.com.ar\/wp-content\/img\/Mercedescantora1front.jpg\" alt=\"\" width=\"400\" height=\"400\"><\/a><\/p>\n<p style=\"text-align: center;\"><a href=\"https:\/\/pandc.10z.com.ar\/wp-content\/img\/Mercedescantora1back.jpg\" target=\"_blank\" rel=\"noopener noreferrer\"><img loading=\"lazy\" decoding=\"async\" class=\"aligncenter\" src=\"https:\/\/pandc.10z.com.ar\/wp-content\/img\/Mercedescantora1back.jpg\" alt=\"\" width=\"400\" height=\"325\"><\/a><\/p>\n<p style=\"text-align: justify;\"><strong>Mercedes Sosa<\/strong> naci\u00f3 en San Miguel de Tucum\u00e1n, Argentina, el 9 de julio de 1935.&nbsp; Cantante de ra\u00edz folcl\u00f3rica argentina, logr\u00f3 el reconocimiento de Am\u00e9rica Latina y Europa, y&nbsp; ha incursionado en otros g\u00e9neros musicales como el tango, el rock y el pop, entre otros.<br \/>\nSu popularidad le ha ganado el apelativo de la <em>\u201cvoz de Latinoam\u00e9rica\u201d<\/em>.&nbsp; Gracias a su timbre oscuro y c\u00e1lido y a una perfecta entonaci\u00f3n, se ha convertido, sin duda, en <strong>una de las voces m\u00e1s destacables de la historia de la m\u00fasica.<\/strong><\/p>\n<p style=\"text-align: justify;\">Descendiente de diaguitas (ind\u00edgenas de Argentina) y franceses, comenz\u00f3 su carrera usando un seud\u00f3nimo: Gladys Osorio.&nbsp; En 1950, a los quince a\u00f1os, gan\u00f3 un concurso musical organizado por una emisora local de radio y la contrataron durante dos meses.<br \/>\nJunto con su primer marido, Manuel Oscar Matus, con el que tuvo un hijo, y Armando Tejada G\u00f3mez, fueron int\u00e9rpretes clave del movimiento de la nueva canci\u00f3n desarrollado a mediados de los a\u00f1os 1960 (que fue llamado Movimiento del Nuevo Cancionero en Argentina).&nbsp; En 1965 alcanz\u00f3 la consagraci\u00f3n popular, cuando fue invitada a cantar al escenario del Festival de Cosqu\u00edn, el m\u00e1s importante del pa\u00eds.<\/p>\n<p style=\"text-align: justify;\">Tras el golpe de estado del 24 de marzo de 1976, permaneci\u00f3 en el pa\u00eds a pesar de la represi\u00f3n y del hecho de que sus discos fueran prohibidos, hasta que en 1979, en un concierto en La Plata, fue cacheada y detenida en el propio escenario y el p\u00fablico asistente arrestado. Se exili\u00f3 entonces en Par\u00eds y despu\u00e9s en Madrid.&nbsp; Volvi\u00f3 a la Argentina en 1982, poco despu\u00e9s de que el r\u00e9gimen militar se viera obligado a iniciar el traspaso del poder a un gobierno civil, tras la Guerra de Malvinas.<\/p>\n<p style=\"text-align: justify;\">Durante los a\u00f1os siguientes continu\u00f3 dando recitales exitosos dentro y fuera de Argentina, actuando en estadios y en los escenarios m\u00e1s grandes y prestigiosos como el Lincoln Center, el Carnegie Hall donde recibi\u00f3 una ovaci\u00f3n de 15 minutos, el Mogador de Par\u00eds y el Concertegebouw de \u00c1msterdam, el Teatro Col\u00f3n de Buenos Aires, en el coliseo romano, etc.&nbsp;&nbsp; Sigui\u00f3 siempre ampliando su repertorio, y grabando en varios estilos. Fue convocada por artistas internacionales como <em>Luciano Pavarotti, Sting, Lucio Dalla, Nana Mouskouri, Tania Libertad, Joan Baez, Andrea Bocelli, Silvio Rodr\u00edguez, Alfredo Kraus, Pablo Milan\u00e9s, Milton Nascimento, Caetano Veloso, Chico Buarque, Gal Costa, Gian Marco, Konstantin Wecker, Nilda Fern\u00e1ndez, Pata Negra, David Broza, Luz Casal, Cecilia Todd, Ismael Serrano, Shakira<\/em>, entre otros.<\/p>\n<p style=\"text-align: justify;\">Tambi\u00e9n colabor\u00f3, en diversas oportunidades, con m\u00fasicos argentinos de la talla de <em>Atahualpa Yupanqui, Charly Garc\u00eda, Roberto Goyeneche, Ariel Ram\u00edrez, Fito P\u00e1ez, Le\u00f3n Gieco, V\u00edctor Heredia, Pedro Aznar, Antonio Tarrag\u00f3 Ros, Alberto Cortez, Los Chalchaleros, Piero, Teresa Parodi, Rodolfo Mederos, David Leb\u00f3n<\/em>, entre otros.<\/p>\n<p style=\"text-align: justify;\">***<\/p>\n<p style=\"text-align: justify;\">Luego de un largo trabajo que se hab\u00eda iniciado como un CD con <em>\u201calgunos invitados\u201d<\/em>,&nbsp; el proyecto creci\u00f3&nbsp; y se plasmo en esta incre\u00edble producci\u00f3n de un disco doble y un DVD, grabados en Buenos Aires en el que <strong>Mercedes Sosa<\/strong> canta junto a artistas de foklore argentino, tango, rock, y tambi\u00e9n junto a figuras internacionales de gran popularidad.<\/p>\n<p style=\"text-align: justify;\"><em>\u201cCantora\u201d <\/em>est\u00e1 \u00edntegramente producido y grabado en Estudios Ion en Buenos Aires, con algu nas excepciones de artistas internacionales donde se viaj\u00f3 a grabar a cada pa\u00eds en particular.<\/p>\n<p style=\"text-align: justify;\"><strong>Mercedes Sosa <\/strong>atraviesa g\u00e9neros y generaciones con este disco. Cada uno ver\u00e1 cu\u00e1l camino le gusta mas.<\/p>\n<p>***********<\/p>\n<p><strong><a href=\"https:\/\/yadi.sk\/d\/jQzruNwrB2w32A\" target=\"_blank\" rel=\"noopener noreferrer\">Descarga directa<\/a><br \/>\n<\/strong><\/p>\n<p>***********<\/p>\n<p style=\"text-align: center;\">\n<img decoding=\"async\" class=\"aligncenter\" src=\"https:\/\/pandc.10z.com.ar\/wp-content\/uploads\/2020\/03\/qrMSC1.jpg\" alt=\"\" height=\"120\"><\/p>\n","protected":false},"excerpt":{"rendered":"<p>Mercedes Sosa naci\u00f3 en San Miguel de Tucum\u00e1n, Argentina, el 9 de julio de 1935.&nbsp; Cantante de ra\u00edz folcl\u00f3rica argentina, logr\u00f3 el reconocimiento de Am\u00e9rica Latina y Europa, y&nbsp; ha incursionado en otros g\u00e9neros musicales como el tango, el rock y el pop, entre otros. Su popularidad le ha ganado el apelativo de la \u201cvoz [&hellip;]<\/p>\n","protected":false},"author":5,"featured_media":0,"comment_status":"open","ping_status":"open","sticky":false,"template":"","format":"standard","meta":{"footnotes":""},"categories":[114],"tags":[64,23,41,39],"class_list":["post-969","post","type-post","status-publish","format-standard","hentry","category-mercedes-sosa","tag-folklore-argentino","tag-latino","tag-pop","tag-rock"],"_links":{"self":[{"href":"https:\/\/pandc.10z.com.ar\/index.php?rest_route=\/wp\/v2\/posts\/969","targetHints":{"allow":["GET"]}}],"collection":[{"href":"https:\/\/pandc.10z.com.ar\/index.php?rest_route=\/wp\/v2\/posts"}],"about":[{"href":"https:\/\/pandc.10z.com.ar\/index.php?rest_route=\/wp\/v2\/types\/post"}],"author":[{"embeddable":true,"href":"https:\/\/pandc.10z.com.ar\/index.php?rest_route=\/wp\/v2\/users\/5"}],"replies":[{"embeddable":true,"href":"https:\/\/pandc.10z.com.ar\/index.php?rest_route=%2Fwp%2Fv2%2Fcomments&post=969"}],"version-history":[{"count":0,"href":"https:\/\/pandc.10z.com.ar\/index.php?rest_route=\/wp\/v2\/posts\/969\/revisions"}],"wp:attachment":[{"href":"https:\/\/pandc.10z.com.ar\/index.php?rest_route=%2Fwp%2Fv2%2Fmedia&parent=969"}],"wp:term":[{"taxonomy":"category","embeddable":true,"href":"https:\/\/pandc.10z.com.ar\/index.php?rest_route=%2Fwp%2Fv2%2Fcategories&post=969"},{"taxonomy":"post_tag","embeddable":true,"href":"https:\/\/pandc.10z.com.ar\/index.php?rest_route=%2Fwp%2Fv2%2Ftags&post=969"}],"curies":[{"name":"wp","href":"https:\/\/api.w.org\/{rel}","templated":true}]}}