{"id":952,"date":"2019-07-09T21:16:52","date_gmt":"2019-07-10T00:16:52","guid":{"rendered":"http:\/\/pandc.10z.com.ar\/?p=952"},"modified":"2019-07-09T21:25:18","modified_gmt":"2019-07-10T00:25:18","slug":"joao-gilberto-cantando-as-musicas-de-orfeu-do-carnaval-1959","status":"publish","type":"post","link":"https:\/\/pandc.10z.com.ar\/?p=952","title":{"rendered":"Jo\u00e2o Gilberto &#8211; Cantando as Musicas de Orfeu do Carnaval  (1959)"},"content":{"rendered":"<p style=\"text-align: center;\"><a href=\"https:\/\/pandc.10z.com.ar\/wp-content\/img\/JoaoGilbertoOrfeuFront.jpg\" target=\"_blank\"><img loading=\"lazy\" decoding=\"async\" class=\"aligncenter\" src=\"https:\/\/pandc.10z.com.ar\/wp-content\/img\/JoaoGilbertoOrfeuFront.jpg\" alt=\"\" width=\"400\" height=\"400\" \/><\/a><\/p>\n<p style=\"text-align: center;\">\n<p style=\"text-align: justify;\"><strong>Jo\u00e3o Gilberto<\/strong> naci\u00f3 en Juazeiro, el 10 de junio de 1931, y es un m\u00fasico considerado, junto con <strong>Ant\u00f4nio Carlos Jobim y Vinicius de Moraes<\/strong>, uno de los creadores del g\u00e9nero musical <em>bossa nova. <\/em><strong><em>Gilberto<\/em><\/strong> aprendi\u00f3 a tocar la guitarra sin profesor,\u00a0 y se traslad\u00f3 a Rio de Janeiro en 1950. Tuvo alg\u00fan \u00e9xito cantando en la banda <em>Garotos da Lua<\/em>. Despu\u00e9s de ser expulsado de la banda por rebeld\u00eda, pas\u00f3 alg\u00fan tiempo sin trabajo, pero con la idea de crear una nueva forma de expresi\u00f3n musical con la guitarra. Tras conocer a <strong>Jobim<\/strong>, comenzaron a dar forma al movimiento que se conoci\u00f3 como <em>bossa nova<\/em>.\u00a0 En 1958 lleg\u00f3 la primera presentaci\u00f3n comercial de este nuevo estilo, con el disco<em> \u201cCan\u00e7\u00e3o do Amor Demais\u201d <\/em>de la cantante <strong>Elizeth Cardoso<\/strong>, que inclu\u00eda composiciones de <strong>Jobim <\/strong>acompa\u00f1adas de letras de <strong>Vinicius de Moraes<\/strong>. Poco tiempo despu\u00e9s <strong>Jo\u00e3o Gilberto<\/strong> grab\u00f3 su primer disco, llamado<em> \u201cChega de Saudade\u201d<\/em>.<\/p>\n<p style=\"text-align: justify;\">En 1954 la obra de teatro de <strong>Vinicius de Moraes<\/strong> <em>\u201cOrfeu da Concei\u00e7\u00e3o\u201d<\/em> gan\u00f3 el Concurso del <em>IV Centenario de S\u00e3o Paulo<\/em>. En 1959 <strong>Marcel Camus<\/strong> lleva al cine <em>\u201cOrfeu da Concei\u00e7\u00e3o\u201d<\/em> con el t\u00edtulo de<em> \u201cOrfeo Negro\u201d<\/em>. En esa \u00e9poca <strong>Vinicius<\/strong> entra en contacto con <strong>Antonio Carlos Jobim<\/strong>, iniciando una amistad y una colaboraci\u00f3n que tiempo despu\u00e9s, con la incorporaci\u00f3n de <strong>Jo\u00e3o Gilberto<\/strong> dar\u00eda lugar al gran movimimento de renovaci\u00f3n en la m\u00fasica brasile\u00f1a. <em>\u201cOrfeo Negro<\/em>\u201d gan\u00f3 el Oscar a la mejor pel\u00edcula de habla no inglesa, la Palma de Oro en el Festival de Cannes y el premio de la Academia Brit\u00e1nica.<\/p>\n<p style=\"text-align: justify;\">Aqu\u00ed presentamos este mini \u00e1lbum de <strong>Joao Gilberto<\/strong>, grabado para el sello Ode\u00f3n en 45 rpm,\u00a0 interpretando las canciones de ese filme.<\/p>\n<p style=\"text-align: justify;\">\n<p style=\"text-align: justify;\">***<\/p>\n<p><strong><br \/>\nTracklist:<\/strong><\/p>\n<p>01. A Felicidade (Antonio Carlos Jobim \/ Vinicius de Moraes)<br \/>\n02. Manha de Carnaval (Luiz Bonfa \/ Antonio Maria)<br \/>\n03. O Nosso Amor (Antonio Carlos Jobim \/ Vinicius de Moraes)<br \/>\n04. Frevo (Antonio Carlos Jobim)<\/p>\n<p>***********<\/p>\n<p><a href=\"https:\/\/yadi.sk\/d\/UhV6omRqNXu_2A\"><strong>Descarga directa<\/strong><\/a><\/p>\n<p>***********<\/p>\n","protected":false},"excerpt":{"rendered":"<p>Jo\u00e3o Gilberto naci\u00f3 en Juazeiro, el 10 de junio de 1931, y es un m\u00fasico considerado, junto con Ant\u00f4nio Carlos Jobim y Vinicius de Moraes, uno de los creadores del g\u00e9nero musical bossa nova. Gilberto aprendi\u00f3 a tocar la guitarra sin profesor,\u00a0 y se traslad\u00f3 a Rio de Janeiro en 1950. Tuvo alg\u00fan \u00e9xito cantando [&hellip;]<\/p>\n","protected":false},"author":5,"featured_media":0,"comment_status":"open","ping_status":"open","sticky":false,"template":"","format":"standard","meta":{"footnotes":""},"categories":[110],"tags":[12],"class_list":["post-952","post","type-post","status-publish","format-standard","hentry","category-joao-gilberto","tag-brasil"],"_links":{"self":[{"href":"https:\/\/pandc.10z.com.ar\/index.php?rest_route=\/wp\/v2\/posts\/952","targetHints":{"allow":["GET"]}}],"collection":[{"href":"https:\/\/pandc.10z.com.ar\/index.php?rest_route=\/wp\/v2\/posts"}],"about":[{"href":"https:\/\/pandc.10z.com.ar\/index.php?rest_route=\/wp\/v2\/types\/post"}],"author":[{"embeddable":true,"href":"https:\/\/pandc.10z.com.ar\/index.php?rest_route=\/wp\/v2\/users\/5"}],"replies":[{"embeddable":true,"href":"https:\/\/pandc.10z.com.ar\/index.php?rest_route=%2Fwp%2Fv2%2Fcomments&post=952"}],"version-history":[{"count":0,"href":"https:\/\/pandc.10z.com.ar\/index.php?rest_route=\/wp\/v2\/posts\/952\/revisions"}],"wp:attachment":[{"href":"https:\/\/pandc.10z.com.ar\/index.php?rest_route=%2Fwp%2Fv2%2Fmedia&parent=952"}],"wp:term":[{"taxonomy":"category","embeddable":true,"href":"https:\/\/pandc.10z.com.ar\/index.php?rest_route=%2Fwp%2Fv2%2Fcategories&post=952"},{"taxonomy":"post_tag","embeddable":true,"href":"https:\/\/pandc.10z.com.ar\/index.php?rest_route=%2Fwp%2Fv2%2Ftags&post=952"}],"curies":[{"name":"wp","href":"https:\/\/api.w.org\/{rel}","templated":true}]}}