{"id":927,"date":"2009-08-28T11:13:48","date_gmt":"2009-08-28T14:13:48","guid":{"rendered":"http:\/\/pandc.10z.com.ar\/?p=927"},"modified":"2010-01-21T11:59:45","modified_gmt":"2010-01-21T13:59:45","slug":"toquinho-italiano-1997","status":"publish","type":"post","link":"https:\/\/pandc.10z.com.ar\/?p=927","title":{"rendered":"Toquinho &#8211; Italiano (1997)"},"content":{"rendered":"<p style=\"text-align: center;\"><a href=\"https:\/\/pandc.10z.com.ar\/wp-content\/img\/ToqItalianoFront.jpg\" target=\"_blank\"><img loading=\"lazy\" decoding=\"async\" class=\"aligncenter\" title=\"italianoFront\" src=\"https:\/\/pandc.10z.com.ar\/wp-content\/img\/ToqItalianoFront.jpg\" alt=\"\" width=\"400\" height=\"400\" \/><\/a><\/p>\n<p style=\"text-align: center;\">\n<p style=\"text-align: center;\"><a href=\"https:\/\/pandc.10z.com.ar\/wp-content\/img\/ToqItalianoRetro.jpg\" target=\"_blank\"><img loading=\"lazy\" decoding=\"async\" class=\"aligncenter\" title=\"italianoRetro\" src=\"https:\/\/pandc.10z.com.ar\/wp-content\/img\/ToqItalianoRetro.jpg\" alt=\"\" width=\"400\" height=\"320\" \/><\/a><\/p>\n<p style=\"text-align: center;\">\n<p style=\"text-align: center;\"><a href=\"https:\/\/pandc.10z.com.ar\/wp-content\/img\/ToqItalianoCd.jpg\" target=\"_blank\"><img loading=\"lazy\" decoding=\"async\" class=\"aligncenter\" title=\"italianoCd\" src=\"https:\/\/pandc.10z.com.ar\/wp-content\/img\/ToqItalianoCd.jpg\" alt=\"\" width=\"400\" height=\"400\" \/><\/a><\/p>\n<p style=\"text-align: center;\">\n<p>En Italia Toquinho fue muy popular en el a\u00f1o 1969, cuando colabor\u00f3 al \u00e1lbum \u00abLa vita, amico, \u00e8 l&#8217;arte dell&#8217;incontro\u00bb, de Sergio Endrigo, Vin\u00edcius de Moraes y Giuseppe Ungaretti, disco que fue su primera grabaci\u00f3n en Italia; el a\u00f1o siguiente colabora con Ennio Morricone y Chico Buarque en \u00abPer un pugno di samba\u00bb. En 1990 participa en el Festival de Sanremo, cantando en portugu\u00e9s la canci\u00f3n de Paola Turci \u00abRingrazio Dio\u00bb, titulada en portugu\u00e9s \u00abNas asas de um viol\u00e3o\u00bb.<br \/>\nHa colaborado con Ornella Vanoni (La voglia, la pazzia, l&#8217;incoscienza, l&#8217;allegria), de la cual comenta: \u00abNo conozco ningun artista italiano que haya cantado esta canci\u00f3n mejor que Ornella\u00bb<br \/>\nEn este disco tenemos al gran Toquinho cantando en italiano, una verdadera joya, altamente recomendada.<\/p>\n<p>***<\/p>\n<p><strong>Tracklist:<\/strong><\/p>\n<p>01 &#8211; Brasiliando (Toquinho e Jodice)<br \/>\n02 &#8211; Angelo Straniero (A que vai chegar) \u2013 (Toquinho, Mutinho, Jodice)<br \/>\n03 &#8211; Schiavo D\u2019Allegria (Escravo da alegria) \u2013 (Toquinho, Mutinho, Jodice)<br \/>\n04 &#8211; Mistero (O caderno) \u2013 (Toquinho, Mutinho, Jodice)<br \/>\n05 &#8211; La Voglia, La Pazzia (Se ela quisesse) \u2013 (Toquinho, V. de Moraes, Bardotti)<br \/>\n06 &#8211; Pout Pourri<br \/>\na \u2013 Semaforo Rosso (Sinal fechado) \u2013 (Paulinho da Viola e Bardotti) (feat. Wanda Bredder)<br \/>\nb \u2013 Samba em Prel\u00fadio (Baden Powel, V. de Moraes, Bardotti) (feat. Wanda Bredder)<br \/>\nc \u2013 Un Altro Addio (Mais um adeus) \u2013 (Toquinho, V. de Moraes, Bardotti) (feat. Wanda Bredder)<br \/>\n07 &#8211; Anema e Core (D\u2019Esposito e T. Manlio) &#8211; instrumental<br \/>\n08 &#8211; Samba Della Rosa (Samba da rosa) \u2013 (Toquinho, V. de Moraes, Bardotti) (feat. Wanda Bredder)<br \/>\n09 &#8211; Acquarello (Aquarela) \u2013 (Toquinho, Fabrizio, V. de Moraes, Morra)<br \/>\n10 &#8211; A Tonga da Mironga (Toquinho, V. de Moraes, Jodice)<br \/>\n11 &#8211; Roma, Num Fa La Stupida Stasera (Trovajoli, Garinei, Giovannini)<br \/>\n12 &#8211; Aquarela do Brasil (Ary Barroso)(en portugu\u00eas)<br \/>\n13 &#8211; Come Facette Mammeta (D.P.)<\/p>\n<p>***<\/p>\n<p><a href=\"http:\/\/rapidshare.com\/files\/272296332\/Toq97Italiano.rar\">Aqu\u00ed<\/a><\/p>\n<p>***<\/p>\n","protected":false},"excerpt":{"rendered":"<p>En Italia Toquinho fue muy popular en el a\u00f1o 1969, cuando colabor\u00f3 al \u00e1lbum \u00abLa vita, amico, \u00e8 l&#8217;arte dell&#8217;incontro\u00bb, de Sergio Endrigo, Vin\u00edcius de Moraes y Giuseppe Ungaretti, disco que fue su primera grabaci\u00f3n en Italia; el a\u00f1o siguiente colabora con Ennio Morricone y Chico Buarque en \u00abPer un pugno di samba\u00bb. En 1990 [&hellip;]<\/p>\n","protected":false},"author":4,"featured_media":0,"comment_status":"open","ping_status":"open","sticky":false,"template":"","format":"standard","meta":{"footnotes":""},"categories":[107],"tags":[12],"class_list":["post-927","post","type-post","status-publish","format-standard","hentry","category-toquinho","tag-brasil"],"_links":{"self":[{"href":"https:\/\/pandc.10z.com.ar\/index.php?rest_route=\/wp\/v2\/posts\/927","targetHints":{"allow":["GET"]}}],"collection":[{"href":"https:\/\/pandc.10z.com.ar\/index.php?rest_route=\/wp\/v2\/posts"}],"about":[{"href":"https:\/\/pandc.10z.com.ar\/index.php?rest_route=\/wp\/v2\/types\/post"}],"author":[{"embeddable":true,"href":"https:\/\/pandc.10z.com.ar\/index.php?rest_route=\/wp\/v2\/users\/4"}],"replies":[{"embeddable":true,"href":"https:\/\/pandc.10z.com.ar\/index.php?rest_route=%2Fwp%2Fv2%2Fcomments&post=927"}],"version-history":[{"count":0,"href":"https:\/\/pandc.10z.com.ar\/index.php?rest_route=\/wp\/v2\/posts\/927\/revisions"}],"wp:attachment":[{"href":"https:\/\/pandc.10z.com.ar\/index.php?rest_route=%2Fwp%2Fv2%2Fmedia&parent=927"}],"wp:term":[{"taxonomy":"category","embeddable":true,"href":"https:\/\/pandc.10z.com.ar\/index.php?rest_route=%2Fwp%2Fv2%2Fcategories&post=927"},{"taxonomy":"post_tag","embeddable":true,"href":"https:\/\/pandc.10z.com.ar\/index.php?rest_route=%2Fwp%2Fv2%2Ftags&post=927"}],"curies":[{"name":"wp","href":"https:\/\/api.w.org\/{rel}","templated":true}]}}