{"id":688,"date":"2019-08-19T00:27:06","date_gmt":"2019-08-19T03:27:06","guid":{"rendered":"http:\/\/pandc.10z.com.ar\/?p=688"},"modified":"2019-08-20T13:34:14","modified_gmt":"2019-08-20T16:34:14","slug":"iva-zanicchi-2-en-1-en-castellano-1982","status":"publish","type":"post","link":"https:\/\/pandc.10z.com.ar\/?p=688","title":{"rendered":"Iva Zanicchi &#8211; 2 En 1 En Castellano (1982)"},"content":{"rendered":"<p style=\"text-align: center;\"><a href=\"https:\/\/pandc.10z.com.ar\/wp-content\/img\/Iva2En1Front.jpg\" target=\"_blank\"><img loading=\"lazy\" decoding=\"async\" class=\"aligncenter\" title=\"Iva 2 en 1 front\" src=\"https:\/\/pandc.10z.com.ar\/wp-content\/img\/Iva2En1Front.jpg\" alt=\"\" width=\"400\" height=\"400\" \/><\/a><\/p>\n<p style=\"text-align: center;\">\n<p style=\"text-align: center;\"><a href=\"https:\/\/pandc.10z.com.ar\/wp-content\/img\/Iva2En1Retro.jpg\" target=\"_blank\"><img loading=\"lazy\" decoding=\"async\" class=\"aligncenter\" title=\"Iva 2 en 1 retro\" src=\"https:\/\/pandc.10z.com.ar\/wp-content\/img\/Iva2En1Retro.jpg\" alt=\"\" width=\"400\" height=\"320\" \/><\/a><\/p>\n<p style=\"text-align: center;\">\n<p>Una compilaci\u00f3n de Sony Music Argentina con temas cantados en espa\u00f1ol por Iva Zanicchi. O quiz\u00e1s tendr\u00eda que decir cantados en argentino, porque definitivamente Iva, en este Cd, tiene un marcado acento albiceleste.<br \/>\nAcento que, por otra parte, no molesta en absoluto. Una de las pocas interpretes italianas que no me disgusta o\u00edr en otro idioma. Una excelente compilaci\u00f3n de esta gran cantante.<\/p>\n<p>***<br \/>\n<strong><br \/>\nTracklist:<\/strong><\/p>\n<p>01. Nostalgias<br \/>\n02. Imag\u00ednate (Immagina)<br \/>\n03. Para vivir un gran amor<br \/>\n04. Yo que no vivo sin t\u00ed (Io che non vivo senza te)<br \/>\n05. En Aranjuez con tu amor (Aranjuez, mon souvenir)<br \/>\n06. La noche de mi amor (A noite do meu bem)<br \/>\n07. Con todo el amor que yo puedo (Con tutto l&#8217;amore che posso)<br \/>\n08. Pienso en ti (E penso a te)<br \/>\n09. En mi mundo (Il mio mondo)<br \/>\n10. La orilla blanca, la orilla negra (La riva bianca, la riva nera)<br \/>\n11. Yo, por amarte (Io per amarti)<br \/>\n12. Olvidala (Dimentica)<br \/>\n13. Te quiero te quiero<br \/>\n14. Esta noche te quiero (Questa notte ti voglio)<br \/>\n15. Fra Noi (Fra noi \u00e8 finita cos\u00ec)<br \/>\n16. La tonta soy yo (La scema sono io )<br \/>\n17. No me dejes, no (Ne me quitte pas)<br \/>\n18. Mentira<br \/>\n19. Deuda<br \/>\n20. Puerto Pollensa<\/p>\n<p>***********<\/p>\n<p><a href=\"https:\/\/yadi.sk\/d\/fkBSg58TBdb3eQ\" target=\"_blank\">Descarga directa<\/a><\/p>\n<p>***********<\/p>\n","protected":false},"excerpt":{"rendered":"<p>Una compilaci\u00f3n de Sony Music Argentina con temas cantados en espa\u00f1ol por Iva Zanicchi. O quiz\u00e1s tendr\u00eda que decir cantados en argentino, porque definitivamente Iva, en este Cd, tiene un marcado acento albiceleste. Acento que, por otra parte, no molesta en absoluto. Una de las pocas interpretes italianas que no me disgusta o\u00edr en otro [&hellip;]<\/p>\n","protected":false},"author":4,"featured_media":0,"comment_status":"open","ping_status":"open","sticky":false,"template":"","format":"standard","meta":{"footnotes":""},"categories":[85],"tags":[3],"class_list":["post-688","post","type-post","status-publish","format-standard","hentry","category-iva-zanicchi","tag-italia"],"_links":{"self":[{"href":"https:\/\/pandc.10z.com.ar\/index.php?rest_route=\/wp\/v2\/posts\/688","targetHints":{"allow":["GET"]}}],"collection":[{"href":"https:\/\/pandc.10z.com.ar\/index.php?rest_route=\/wp\/v2\/posts"}],"about":[{"href":"https:\/\/pandc.10z.com.ar\/index.php?rest_route=\/wp\/v2\/types\/post"}],"author":[{"embeddable":true,"href":"https:\/\/pandc.10z.com.ar\/index.php?rest_route=\/wp\/v2\/users\/4"}],"replies":[{"embeddable":true,"href":"https:\/\/pandc.10z.com.ar\/index.php?rest_route=%2Fwp%2Fv2%2Fcomments&post=688"}],"version-history":[{"count":0,"href":"https:\/\/pandc.10z.com.ar\/index.php?rest_route=\/wp\/v2\/posts\/688\/revisions"}],"wp:attachment":[{"href":"https:\/\/pandc.10z.com.ar\/index.php?rest_route=%2Fwp%2Fv2%2Fmedia&parent=688"}],"wp:term":[{"taxonomy":"category","embeddable":true,"href":"https:\/\/pandc.10z.com.ar\/index.php?rest_route=%2Fwp%2Fv2%2Fcategories&post=688"},{"taxonomy":"post_tag","embeddable":true,"href":"https:\/\/pandc.10z.com.ar\/index.php?rest_route=%2Fwp%2Fv2%2Ftags&post=688"}],"curies":[{"name":"wp","href":"https:\/\/api.w.org\/{rel}","templated":true}]}}