{"id":652,"date":"2009-08-13T21:51:06","date_gmt":"2009-08-14T00:51:06","guid":{"rendered":"http:\/\/pandc.10z.com.ar\/?p=652"},"modified":"2011-06-27T00:12:17","modified_gmt":"2011-06-27T03:12:17","slug":"raul-barboza-dos-orillas-2008","status":"publish","type":"post","link":"https:\/\/pandc.10z.com.ar\/?p=652","title":{"rendered":"Raul Barboza &#8211; Dos orillas &#8211; 2008"},"content":{"rendered":"<p><a href=\"https:\/\/pandc.10z.com.ar\/wp-content\/img\/Barbozadosorillasfront.jpg\" target=\"_blank\"><img loading=\"lazy\" decoding=\"async\" class=\"aligncenter\" src=\"https:\/\/pandc.10z.com.ar\/wp-content\/img\/Barbozadosorillasfront.jpg\" alt=\"\" width=\"400\" height=\"400\" \/><\/a><\/p>\n<p style=\"text-align: center;\"><a href=\"https:\/\/pandc.10z.com.ar\/wp-content\/img\/Barbozadosorillasback.jpg\" target=\"_blank\"><img loading=\"lazy\" decoding=\"async\" class=\"aligncenter\" src=\"https:\/\/pandc.10z.com.ar\/wp-content\/img\/Barbozadosorillasback.jpg\" alt=\"\" width=\"400\" height=\"400\" \/><\/a><\/p>\n<p style=\"text-align: center;\">\n<p style=\"text-align: left;\">Ra\u00fal Barboza realiz\u00f3 su nueva grabaci\u00f3n <em>\u00abDos orillas\u00bb<\/em> junto al grupo franc\u00e9s <strong>\u00abAlter Quintet\u00bb<\/strong> (tres franceses, un venezolano y un argentino) y el guitarrista <strong>Horacio Castillo<\/strong> como m\u00fasico invitado.<\/p>\n<p>Este \u00e1lbum es fruto de la relaci\u00f3n musical que existe -desde hace m\u00e1s de una d\u00e9cada- entre <strong>Barboza<\/strong> y <strong>Alfonso Pac\u00edn<\/strong>, mano derecha del acordeonista en sus presentaciones en Europa y actual director del mencionado quinteto, cuya fuerza y particularidad reside en la improvisaci\u00f3n y en la complejidad r\u00edtmica propia de de la m\u00fasica sudamericana.<\/p>\n<p>Si bien el <strong>Alter Quintet <\/strong>se constituye como un ensamble de c\u00e1mara, el tratamiento del sonido y la est\u00e9tica abordada est\u00e1n lejos de seguir los c\u00e1nones tradicionales del g\u00e9nero. El estilo es el de <strong>Barboza<\/strong> maduro, conocedor profundo de sus ra\u00edces y buceador de interlocutores v\u00e1lidos para proyectarlas; un acordeonista h\u00e1bil pero mesurado y elegante; un m\u00fasico cuya forma de tocar, adem\u00e1s de expresar un particular cari\u00f1o por la melod\u00eda, est\u00e1 hecha de inflexiones m\u00e1s que de gestos grandilocuentes.<\/p>\n<p><strong>M\u00fasicos:<\/strong><\/p>\n<p><strong>Raul Barboza: <\/strong>acorde\u00f3n<br \/>\n<strong>Anne Le Corre:<\/strong> viola, viol\u00f3n.<br \/>\n<strong>Jean Luc Pino:<\/strong> viol\u00f3n, viol\u00f3n tenor.<br \/>\n<strong>Romain Lecuyer:<\/strong> contrabajo<br \/>\n<strong>Inocente Care\u00f1o: <\/strong>viol\u00edn.<br \/>\n<strong>Alfonso Pac\u00edn:<\/strong> viol\u00edn, guitarra<\/p>\n<p><strong>Tracklist:<\/strong><\/p>\n<p>01. Cheruvicha (A. Nelly)<br \/>\n02. La Calandria (Isaco Abitbol)<br \/>\n03. Abriendo Y Cerrando (Bustamante \/ Raul Barboza)<br \/>\n04. Confidencias De Nacre (Raul Barboza)<br \/>\n05. Km. 11 (Aguer C. \/ Cocomarola Transito)<br \/>\n06. Las Tias Del Campo (Pacin)<br \/>\n07. Merceditas (Ramon Sixto Rios)<br \/>\n08. Vals De La Abuela Isabel (Mario Del Pilar \/ R. A. Barboza)<br \/>\n09. Cadencias (Raul Barboza)<br \/>\n10. Chamame Para Mi Tristeza (Raul Barboza)<br \/>\n11. Camino A Tres Palmas (E. Cena \/ Rogelio Gonzalez)<br \/>\n12. Ferviente Ilusion (Raul Barboza)<br \/>\n13. La Cau (Jose Zappa \/ Mauricio Valenzuela)<br \/>\n14. El Estibador (Raul Barboza)<br \/>\n15. Minoreando (Raul Barboza)<\/p>\n<p>***<\/p>\n<p><a href=\"http:\/\/www.megaupload.com\/?d=BVP8DZBX\"><strong>Link MU Aqu\u00ed<\/strong><\/a><\/p>\n<p><a href=\"http:\/\/rapidshare.com\/files\/266022014\/RB2Orillas.PC.rar\"><strong>Link RS Aqu\u00ed<\/strong><\/a><\/p>\n<p>***<\/p>\n","protected":false},"excerpt":{"rendered":"<p>Ra\u00fal Barboza realiz\u00f3 su nueva grabaci\u00f3n \u00abDos orillas\u00bb junto al grupo franc\u00e9s \u00abAlter Quintet\u00bb (tres franceses, un venezolano y un argentino) y el guitarrista Horacio Castillo como m\u00fasico invitado. Este \u00e1lbum es fruto de la relaci\u00f3n musical que existe -desde hace m\u00e1s de una d\u00e9cada- entre Barboza y Alfonso Pac\u00edn, mano derecha del acordeonista en [&hellip;]<\/p>\n","protected":false},"author":5,"featured_media":0,"comment_status":"open","ping_status":"open","sticky":false,"template":"","format":"standard","meta":{"footnotes":""},"categories":[65],"tags":[64],"class_list":["post-652","post","type-post","status-publish","format-standard","hentry","category-raul-barboza","tag-folklore-argentino"],"_links":{"self":[{"href":"https:\/\/pandc.10z.com.ar\/index.php?rest_route=\/wp\/v2\/posts\/652","targetHints":{"allow":["GET"]}}],"collection":[{"href":"https:\/\/pandc.10z.com.ar\/index.php?rest_route=\/wp\/v2\/posts"}],"about":[{"href":"https:\/\/pandc.10z.com.ar\/index.php?rest_route=\/wp\/v2\/types\/post"}],"author":[{"embeddable":true,"href":"https:\/\/pandc.10z.com.ar\/index.php?rest_route=\/wp\/v2\/users\/5"}],"replies":[{"embeddable":true,"href":"https:\/\/pandc.10z.com.ar\/index.php?rest_route=%2Fwp%2Fv2%2Fcomments&post=652"}],"version-history":[{"count":0,"href":"https:\/\/pandc.10z.com.ar\/index.php?rest_route=\/wp\/v2\/posts\/652\/revisions"}],"wp:attachment":[{"href":"https:\/\/pandc.10z.com.ar\/index.php?rest_route=%2Fwp%2Fv2%2Fmedia&parent=652"}],"wp:term":[{"taxonomy":"category","embeddable":true,"href":"https:\/\/pandc.10z.com.ar\/index.php?rest_route=%2Fwp%2Fv2%2Fcategories&post=652"},{"taxonomy":"post_tag","embeddable":true,"href":"https:\/\/pandc.10z.com.ar\/index.php?rest_route=%2Fwp%2Fv2%2Ftags&post=652"}],"curies":[{"name":"wp","href":"https:\/\/api.w.org\/{rel}","templated":true}]}}