{"id":5583,"date":"2012-01-16T01:45:50","date_gmt":"2012-01-16T03:45:50","guid":{"rendered":"http:\/\/pandc.10z.com.ar\/?p=5583"},"modified":"2018-03-09T00:30:58","modified_gmt":"2018-03-09T03:30:58","slug":"ruben-blades-y-seis-del-solar-todos-vuelven-live-2011","status":"publish","type":"post","link":"https:\/\/pandc.10z.com.ar\/?p=5583","title":{"rendered":"Rub\u00e9n Blades y Seis del Solar &#8211; Todos Vuelven (live) (2011)"},"content":{"rendered":"<p style=\"text-align: center;\"><a href=\"https:\/\/pandc.10z.com.ar\/wp-content\/img\/bladesvolumenuno.jpg\" target=\"_blank\"><img loading=\"lazy\" decoding=\"async\" class=\"aligncenter\" src=\"https:\/\/pandc.10z.com.ar\/wp-content\/img\/bladesvolumenuno.jpg\" alt=\"\" width=\"400\" height=\"400\" \/><\/a><\/p>\n<p style=\"text-align: center;\"><a href=\"https:\/\/pandc.10z.com.ar\/wp-content\/img\/bladesvolumendos.jpg\" target=\"_blank\"><img loading=\"lazy\" decoding=\"async\" class=\"aligncenter\" src=\"https:\/\/pandc.10z.com.ar\/wp-content\/img\/bladesvolumendos.jpg\" alt=\"\" width=\"400\" height=\"400\" \/><\/a><\/p>\n<p style=\"text-align: center;\"><a href=\"https:\/\/pandc.10z.com.ar\/wp-content\/img\/bladesliveinlay.jpg\" target=\"_blank\"><img loading=\"lazy\" decoding=\"async\" class=\"aligncenter\" src=\"https:\/\/pandc.10z.com.ar\/wp-content\/img\/bladesliveinlay.jpg\" alt=\"\" width=\"400\" height=\"280\" \/><\/a><\/p>\n<p style=\"text-align: left;\"><strong>Rub\u00e9n Blades<\/strong> (de quien ha hemos hablado <a href=\"https:\/\/pandc.10z.com.ar\/?cat=115\" target=\"_blank\"><strong>AQU\u00cd<\/strong><\/a>) edit\u00f3 un doble CD grabado en vivo\u00a0 en el <em>Choliseo Jos\u00e9 Miguel Agrelot<\/em> de San Juan de Puerto Rico. La producci\u00f3n, que resume la reuni\u00f3n con los integrantes de Seis del Solar, forma parte de la celebraci\u00f3n de\u00a0 su etapa junto a esa banda de acompa\u00f1amiento, muy fruct\u00edfera en su carrera art\u00edstica.\u00a0 Aqu\u00ed est\u00e1n cl\u00e1sicos del repertorio de <strong>Blades<\/strong>\u00a0 como<em> \u201cLigia Elena\u201d, \u201cPl\u00e1stico\u201d, \u201cBuscando Am\u00e9rica\u201d, \u201cEl Padre Antonio y su monaguillo Andr\u00e9s\u201d, \u201cAmor y control\u201d<\/em> y <em>\u201cPedro Navaja\u201d<\/em>.\u00a0 Incluye adem\u00e1s, la versi\u00f3n ac\u00fastica de <em>\u201cAd\u00e1n Garc\u00eda\u201d<\/em>, tocada por<strong> Blades<\/strong> con su guitarra y el tema <em>\u201cJuan Pachanga\u201d<\/em> junto a <strong>Cheo Feliciano<\/strong>.<\/p>\n<p>Este trabajo gan\u00f3 el Grammy 2011 a <em>Mejor Disco de Salsa<\/em>. <strong>Y lo merece largamente\u2026!<\/strong><\/p>\n<p><em><strong>M\u00fasicos:<\/strong><\/em><\/p>\n<p><em>Oscar Hern\u00e1ndez:<\/em> piano<br \/>\n<em>Ralph Irizarry:<\/em> timbales<br \/>\n<em>Richie Marrero:<\/em> vibr\u00e1fono<br \/>\n<em>Arturo Ort\u00edz:<\/em> teclados<br \/>\n<em>Bobby Ameen:<\/em> bater\u00eda<br \/>\n<em>Mike Vi\u00f1as:<\/em> bajo<br \/>\n<em>Eddie Montalvo:<\/em> congas<br \/>\n<em>Reynaldo Jorge, Jimmy Bosch:<\/em> trombones<br \/>\n<em>Jorge Gonz\u00e1lez:<\/em> bong\u00f3s<br \/>\n<em>Cheo Feliciano:\u00a0<\/em> voz en \u201cJuan Pachanga\u201d<br \/>\n<em>Walter Flores:<\/em> flauta en \u201cLigia Elena\u201d<br \/>\n<em><\/em><\/p>\n<p><em><strong>Vol\u00famen 1<\/strong><\/em><\/p>\n<p>01. Intro &#8211; Caminos Verdes<br \/>\n02. El Padre Antonio y el Monaguillo Andres<br \/>\n03. Cuentas del Alma<br \/>\n04. Amor y Control<br \/>\n05. Desiciones<br \/>\n06. Buscando Guayaba<br \/>\n07. Plantaci\u00f3n Adentro<br \/>\n08. Te Est\u00e1n Buscando<br \/>\n09. Pl\u00e1stico<br \/>\n10. Ligia Elena<br \/>\n11. Juan Pachanga<\/p>\n<p><em><strong>Vol\u00famen 2<\/strong><\/em><\/p>\n<p>01. Pablo Pueblo<br \/>\n02. Maestra Vida<br \/>\n03. Caminando<br \/>\n04. Ad\u00e1n Garc\u00eda<br \/>\n05. Desapariciones<br \/>\n06. Patria<br \/>\n07. Mu\u00e9vete<br \/>\n08. Pedro Navaja<br \/>\n09. Todos Vuelven<br \/>\n10. Buscando America<\/p>\n<p>***<br \/>\n<a href=\"https:\/\/pandc.10z.com.ar\/torrent\/Ruben Blades y Seis del Solar - Todos Vuelven (Live) - Vol1 y 2  [2011] MP3-320kbps.torrent\" target=\"_blank\"><strong>Descargar Torrent<\/strong><\/a><\/p>\n<p><a href=\"https:\/\/yadi.sk\/d\/Y_RsssbV3TAxyL\"_blank\"><strong>Descarga Directa<\/strong><\/a><\/p>\n<p>***<\/p>\n","protected":false},"excerpt":{"rendered":"<p>Rub\u00e9n Blades (de quien ha hemos hablado AQU\u00cd) edit\u00f3 un doble CD grabado en vivo\u00a0 en el Choliseo Jos\u00e9 Miguel Agrelot de San Juan de Puerto Rico. La producci\u00f3n, que resume la reuni\u00f3n con los integrantes de Seis del Solar, forma parte de la celebraci\u00f3n de\u00a0 su etapa junto a esa banda de acompa\u00f1amiento, muy [&hellip;]<\/p>\n","protected":false},"author":5,"featured_media":0,"comment_status":"open","ping_status":"open","sticky":false,"template":"","format":"standard","meta":{"footnotes":""},"categories":[115],"tags":[46,23,116],"class_list":["post-5583","post","type-post","status-publish","format-standard","hentry","category-ruben-blades","tag-jazz-fusion","tag-latino","tag-salsa"],"_links":{"self":[{"href":"https:\/\/pandc.10z.com.ar\/index.php?rest_route=\/wp\/v2\/posts\/5583","targetHints":{"allow":["GET"]}}],"collection":[{"href":"https:\/\/pandc.10z.com.ar\/index.php?rest_route=\/wp\/v2\/posts"}],"about":[{"href":"https:\/\/pandc.10z.com.ar\/index.php?rest_route=\/wp\/v2\/types\/post"}],"author":[{"embeddable":true,"href":"https:\/\/pandc.10z.com.ar\/index.php?rest_route=\/wp\/v2\/users\/5"}],"replies":[{"embeddable":true,"href":"https:\/\/pandc.10z.com.ar\/index.php?rest_route=%2Fwp%2Fv2%2Fcomments&post=5583"}],"version-history":[{"count":0,"href":"https:\/\/pandc.10z.com.ar\/index.php?rest_route=\/wp\/v2\/posts\/5583\/revisions"}],"wp:attachment":[{"href":"https:\/\/pandc.10z.com.ar\/index.php?rest_route=%2Fwp%2Fv2%2Fmedia&parent=5583"}],"wp:term":[{"taxonomy":"category","embeddable":true,"href":"https:\/\/pandc.10z.com.ar\/index.php?rest_route=%2Fwp%2Fv2%2Fcategories&post=5583"},{"taxonomy":"post_tag","embeddable":true,"href":"https:\/\/pandc.10z.com.ar\/index.php?rest_route=%2Fwp%2Fv2%2Ftags&post=5583"}],"curies":[{"name":"wp","href":"https:\/\/api.w.org\/{rel}","templated":true}]}}