{"id":5539,"date":"2014-01-03T23:59:43","date_gmt":"2014-01-04T01:59:43","guid":{"rendered":"http:\/\/pandc.10z.com.ar\/?p=5539"},"modified":"2018-03-08T23:10:07","modified_gmt":"2018-03-09T02:10:07","slug":"mina-malatia-non-partir-single-1958","status":"publish","type":"post","link":"https:\/\/pandc.10z.com.ar\/?p=5539","title":{"rendered":"Mina \u2013 Malatia \/ Non partir (Single 1958)"},"content":{"rendered":"<p style=\"text-align: center;\"><a href=\"https:\/\/pandc.10z.com.ar\/wp-content\/img\/malattanonpartir.jpg\" target=\"_blank\"><img loading=\"lazy\" decoding=\"async\" class=\"aligncenter\" src=\"https:\/\/pandc.10z.com.ar\/wp-content\/img\/malattanonpartir.jpg\" alt=\"\" width=\"400\" height=\"400\" \/><\/a><\/p>\n<p style=\"text-align: left;\">En diciembre de 1958 y a trav\u00e9s del sello <em>Italdisc<\/em> es publicado este que es, oficialmente, el primer single en 45 rpm. en la carrera de <strong>Mina.<\/strong><\/p>\n<p>Mina canta <em>\u201cMalatia\u201d<\/em> (de Amando Romero) acompa\u00f1ada por la\u00a0 orquesta de<em> Nino Donzelli<\/em>, en el lado A.\u00a0 El tema hab\u00eda sido inclu\u00eddo en un single de <em>Peppino di Capri e i Suoi Rockers<\/em> en el mismo a\u00f1o.\u00a0 El lado B es <em>\u201cNon partir\u201d<\/em>, de Giovanni D\u2019anzi, Bracchi y Donzelli. La canci\u00f3n hab\u00eda sido inclu\u00edda en un single de <em>Fred Buscaglione<\/em> en mayo de 1958.\u00a0 <strong>Completamos as\u00ed este doble regalo festejando los primeros dos millones de visitas a <em>P&amp;C<\/em>.<\/strong><\/p>\n<p>**********<\/p>\n<p><a href=\"https:\/\/pandc.10z.com.ar\/torrent\/Mina - Malatia+Non partir (Single 1958).torrent\" target=\"_blank\"><strong>Descargar Torrent<\/strong><\/a><\/p>\n<p><a href=\"https:\/\/yadi.sk\/d\/C8TzzfzY3TAubd\" target=\"_blank\"><strong>Descarga Directa<\/strong><\/a><\/p>\n<p>**********<\/p>\n","protected":false},"excerpt":{"rendered":"<p>En diciembre de 1958 y a trav\u00e9s del sello Italdisc es publicado este que es, oficialmente, el primer single en 45 rpm. en la carrera de Mina. Mina canta \u201cMalatia\u201d (de Amando Romero) acompa\u00f1ada por la\u00a0 orquesta de Nino Donzelli, en el lado A.\u00a0 El tema hab\u00eda sido inclu\u00eddo en un single de Peppino di [&hellip;]<\/p>\n","protected":false},"author":5,"featured_media":0,"comment_status":"open","ping_status":"open","sticky":false,"template":"","format":"standard","meta":{"footnotes":""},"categories":[14],"tags":[3,41],"class_list":["post-5539","post","type-post","status-publish","format-standard","hentry","category-mina","tag-italia","tag-pop"],"_links":{"self":[{"href":"https:\/\/pandc.10z.com.ar\/index.php?rest_route=\/wp\/v2\/posts\/5539","targetHints":{"allow":["GET"]}}],"collection":[{"href":"https:\/\/pandc.10z.com.ar\/index.php?rest_route=\/wp\/v2\/posts"}],"about":[{"href":"https:\/\/pandc.10z.com.ar\/index.php?rest_route=\/wp\/v2\/types\/post"}],"author":[{"embeddable":true,"href":"https:\/\/pandc.10z.com.ar\/index.php?rest_route=\/wp\/v2\/users\/5"}],"replies":[{"embeddable":true,"href":"https:\/\/pandc.10z.com.ar\/index.php?rest_route=%2Fwp%2Fv2%2Fcomments&post=5539"}],"version-history":[{"count":0,"href":"https:\/\/pandc.10z.com.ar\/index.php?rest_route=\/wp\/v2\/posts\/5539\/revisions"}],"wp:attachment":[{"href":"https:\/\/pandc.10z.com.ar\/index.php?rest_route=%2Fwp%2Fv2%2Fmedia&parent=5539"}],"wp:term":[{"taxonomy":"category","embeddable":true,"href":"https:\/\/pandc.10z.com.ar\/index.php?rest_route=%2Fwp%2Fv2%2Fcategories&post=5539"},{"taxonomy":"post_tag","embeddable":true,"href":"https:\/\/pandc.10z.com.ar\/index.php?rest_route=%2Fwp%2Fv2%2Ftags&post=5539"}],"curies":[{"name":"wp","href":"https:\/\/api.w.org\/{rel}","templated":true}]}}