{"id":5526,"date":"2018-07-26T00:01:56","date_gmt":"2018-07-26T03:01:56","guid":{"rendered":"http:\/\/pandc.10z.com.ar\/?p=5526"},"modified":"2018-07-26T18:06:01","modified_gmt":"2018-07-26T21:06:01","slug":"ivete-sangalo-gilberto-gil-caetano-veloso-especial-ao-vivo-tv-globo-pc-2011","status":"publish","type":"post","link":"https:\/\/pandc.10z.com.ar\/?p=5526","title":{"rendered":"Ivete Sangalo, Gilberto Gil, Caetano Veloso &#8211; Especial Ao Vivo TV Globo (P&#038;C 2011)"},"content":{"rendered":"<p style=\"text-align: center;\"><a href=\"https:\/\/pandc.10z.com.ar\/wp-content\/img\/especial.igc.front.jpg\" target=\"_blank\"><img loading=\"lazy\" decoding=\"async\" class=\"aligncenter\" src=\"https:\/\/pandc.10z.com.ar\/wp-content\/img\/especial.igc.front.jpg\" alt=\"\" width=\"400\" height=\"220\" \/><\/a><\/p>\n<p style=\"text-align: center;\"><a href=\"https:\/\/pandc.10z.com.ar\/wp-content\/img\/especial.igc.back.jpg\" target=\"_blank\"><img loading=\"lazy\" decoding=\"async\" class=\"aligncenter\" src=\"https:\/\/pandc.10z.com.ar\/wp-content\/img\/especial.igc.back.jpg\" alt=\"\" width=\"400\" height=\"230\" \/><\/a><\/p>\n<p style=\"text-align: left;\">Como regalo de fin de a\u00f1o de <strong>P&amp;C<\/strong>, compartimos este recital que realizaron <strong>Ivete Sangalo, Gilberto Gil y Caetano Veloso<\/strong> en un especial para la televisi\u00f3n brasile\u00f1a la noche del 23 de diciembre pasado.\u00a0 Los tres juntos (acompa\u00f1ados por una certera banda y un cuarteto de cuerdas), interpretaron canciones que hablan del cuerpo, el alma, el amor y el dolor de las grandes mujeres que inspiraron a <strong>Caetano, Gil, Chico Buarque y Herbert Vianna<\/strong> para componer canciones realmente hermosas.\u00a0 Las hay m\u00e1s y menos conocidas y entre uno y otro tema, revelaron curiosidades sobre la composici\u00f3n de las canciones; y en la performance propiamente dicha, alcanzaron un entendimiento y una sincro de excelencia.<\/p>\n<p>El video muestra el show \u00edntegro, y adem\u00e1s he extra\u00eddo y editado <em><strong>(exclusiva de P&amp;C)<\/strong><\/em> el audio del mismo, en lo que ser\u00eda la versi\u00f3n CD de este maravilloso espect\u00e1culo, solamente con las quince canciones que, como he dicho, pretende ser un regalo de fin de a\u00f1o para todos los que nos acompa\u00f1an en nuestro <em>Viaje Musical<\/em>.<\/p>\n<p><strong><em>M\u00fasicos:<\/em><\/strong><\/p>\n<p><strong>Ivete Sangalo:<\/strong> voz, percusi\u00f3n<br \/>\n<strong>Caetano Veloso:<\/strong> voz, guitarra<br \/>\n<strong>Gilberto Gil:<\/strong> voz, guitarra<br \/>\n<strong>Lincoln Olivetti:<\/strong> teclados y arreglos<br \/>\n<strong>S\u00e9rgio Chivazzoli:<\/strong> guitarras<br \/>\n<strong>Jorginho Gomes:<\/strong> bater\u00eda<br \/>\n<strong>Arthur Maia:<\/strong> bajo y coros<br \/>\n<strong>Gigi:<\/strong> bajo<br \/>\n<strong>Gustavo Didalva, Peninha:<\/strong> percusi\u00f3n<br \/>\n<strong>Marlon Sette:<\/strong> tromb\u00f3n<br \/>\n<strong>Claudio Andrade, Rama\u00e9s Ven\u00e2ncio:<\/strong> teclados<br \/>\n<strong>Altar Martins:<\/strong> trompeta y flugel<br \/>\n<strong>Jose Carlos Bigorna:<\/strong> saxo y flauta<br \/>\n<strong>Karol C\u00e2ndido, Jussara Louren\u00e7o:<\/strong> coros<br \/>\n<strong>Bernardo Bessler, Ruda Issa, Christine Springuel, Pablo de S\u00e1:<\/strong> cuarteto de cuerdas<\/p>\n<p><em><strong>Tracklist:<\/strong><\/em><\/p>\n<p>01. A novidade <em>(Gilberto Gil &#8211; Herbert Viana &#8211; Jo\u00e2o Barone)<\/em><br \/>\n02. Toda menina baiana<em> (Gilberto Gil)<\/em><br \/>\n03. O meu amor <em>(Chico Buarque)<\/em><br \/>\n04. Ta combinado <em>(Caetano Veloso)<\/em><br \/>\n05. A linha e o linho<em> (Gilberto Gil)<\/em><br \/>\n06. A luz de tieta<em> (Caetano Veloso)<\/em><br \/>\n07. Tigresa<em> (Caetano Veloso)<\/em><br \/>\n08. Voc\u00ea e linda <em>(Caetano Veloso)<\/em><br \/>\n09. Atr\u00e1s da porta<em> (Francis Hime &#8211; Chico Buarque)<\/em><br \/>\n10. Super-Homen &#8211; A can\u00e7\u00e2o <em>(Gilberto Gil)<\/em><br \/>\n11. Se eu n\u00e2o te amasse tanto assim <em>(Herbert Vianna &#8211; Paulo Valle)<\/em><br \/>\n12. Olhos nos olhos<em> (Chico Buarque)<\/em><br \/>\n13. Dr\u00e2o <em>(Gilberto Gil)<\/em><br \/>\n14. Dom de iludir<em> (Caetano Veloso)<\/em><br \/>\n15. Amor at\u00e9 o fim <em>(Gilberto Gil)<\/em><\/p>\n<p>***<\/p>\n<p><a href=\"https:\/\/yadi.sk\/d\/8M126C3R3ZcSAR\" target=\"_blank\"><strong>Audio Descarga directa<\/strong> <\/a><\/p>\n<p><a href=\"https:\/\/yadi.sk\/d\/agBZ9V8t3ZcSAV\" target=\"_blank\"><strong>Video Descarga directa<\/strong><\/a><\/p>\n<p>***<\/p>\n","protected":false},"excerpt":{"rendered":"<p>Como regalo de fin de a\u00f1o de P&amp;C, compartimos este recital que realizaron Ivete Sangalo, Gilberto Gil y Caetano Veloso en un especial para la televisi\u00f3n brasile\u00f1a la noche del 23 de diciembre pasado.\u00a0 Los tres juntos (acompa\u00f1ados por una certera banda y un cuarteto de cuerdas), interpretaron canciones que hablan del cuerpo, el alma, [&hellip;]<\/p>\n","protected":false},"author":5,"featured_media":0,"comment_status":"open","ping_status":"open","sticky":false,"template":"","format":"standard","meta":{"footnotes":""},"categories":[13,329,543],"tags":[12],"class_list":["post-5526","post","type-post","status-publish","format-standard","hentry","category-caetano-veloso","category-gilberto-gil","category-ivete-sangalo","tag-brasil"],"_links":{"self":[{"href":"https:\/\/pandc.10z.com.ar\/index.php?rest_route=\/wp\/v2\/posts\/5526","targetHints":{"allow":["GET"]}}],"collection":[{"href":"https:\/\/pandc.10z.com.ar\/index.php?rest_route=\/wp\/v2\/posts"}],"about":[{"href":"https:\/\/pandc.10z.com.ar\/index.php?rest_route=\/wp\/v2\/types\/post"}],"author":[{"embeddable":true,"href":"https:\/\/pandc.10z.com.ar\/index.php?rest_route=\/wp\/v2\/users\/5"}],"replies":[{"embeddable":true,"href":"https:\/\/pandc.10z.com.ar\/index.php?rest_route=%2Fwp%2Fv2%2Fcomments&post=5526"}],"version-history":[{"count":0,"href":"https:\/\/pandc.10z.com.ar\/index.php?rest_route=\/wp\/v2\/posts\/5526\/revisions"}],"wp:attachment":[{"href":"https:\/\/pandc.10z.com.ar\/index.php?rest_route=%2Fwp%2Fv2%2Fmedia&parent=5526"}],"wp:term":[{"taxonomy":"category","embeddable":true,"href":"https:\/\/pandc.10z.com.ar\/index.php?rest_route=%2Fwp%2Fv2%2Fcategories&post=5526"},{"taxonomy":"post_tag","embeddable":true,"href":"https:\/\/pandc.10z.com.ar\/index.php?rest_route=%2Fwp%2Fv2%2Ftags&post=5526"}],"curies":[{"name":"wp","href":"https:\/\/api.w.org\/{rel}","templated":true}]}}