{"id":5514,"date":"2011-12-27T14:27:56","date_gmt":"2011-12-27T16:27:56","guid":{"rendered":"http:\/\/pandc.10z.com.ar\/?p=5514"},"modified":"2011-12-27T14:27:56","modified_gmt":"2011-12-27T16:27:56","slug":"roberto-carlos-raccolta-di-singoli-1968-1979-2011","status":"publish","type":"post","link":"https:\/\/pandc.10z.com.ar\/?p=5514","title":{"rendered":"Roberto Carlos &#8211; Raccolta Di Singoli 1968-1979 (2011)"},"content":{"rendered":"<p style=\"text-align: center;\"><a href=\"https:\/\/pandc.10z.com.ar\/wp-content\/img\/rcraccoltafront.jpg\" target=\"_blank\"><img loading=\"lazy\" decoding=\"async\" class=\"aligncenter\" src=\"https:\/\/pandc.10z.com.ar\/wp-content\/img\/rcraccoltafront.jpg\" alt=\"\" width=\"400\" height=\"400\" \/><\/a><\/p>\n<p style=\"text-align: center;\"><a href=\"https:\/\/pandc.10z.com.ar\/wp-content\/img\/rcraccoltaback.jpg\" target=\"_blank\"><img loading=\"lazy\" decoding=\"async\" class=\"aligncenter\" src=\"https:\/\/pandc.10z.com.ar\/wp-content\/img\/rcraccoltaback.jpg\" alt=\"\" width=\"400\" height=\"400\" \/><\/a><\/p>\n<p style=\"text-align: left;\">En 1967 la fama de <strong>Roberto Carlos<\/strong> llegaba hasta Francia, donde actu\u00f3 en el MIDEM en Cannes. Su \u00faltimo \u00e1lbum <em>\u00abRoberto Carlos em Ritmo de Aventura\u00bb<\/em> produjo varios \u00e9xitos y <strong>Roberto<\/strong> ampliaba su campo de acci\u00f3n. Este mismo a\u00f1o viaj\u00f3 a Italia para participar en el Festival de la Canci\u00f3n de <em>Sanremo<\/em>, donde consigui\u00f3 el primer premio con el tema de <strong>Sergio Endrigo<\/strong><em> \u00abCanzone per Te<\/em>\u00ab, siendo el primer artista extranjero que gan\u00f3 el festival.<\/p>\n<p>Este \u00e1lbum re\u00fane las canciones inclu\u00eddas en sus singles grabados para el mercado italiano, en el que era tremendamente popular entre 1968 y 1979. El material ha sido remasterizado de la mejor forma posible, debido a la precariedad que presentaban varias de las matrices originales.<\/p>\n<p style=\"text-align: left;\">\n<p style=\"text-align: left;\">***<\/p>\n<p><a href=\"http:\/\/www.megaupload.com\/?d=W2736VSX\" target=\"_blank\"><strong>Aqu\u00ed<\/strong><\/a><\/p>\n<p>***<\/p>\n","protected":false},"excerpt":{"rendered":"<p>En 1967 la fama de Roberto Carlos llegaba hasta Francia, donde actu\u00f3 en el MIDEM en Cannes. Su \u00faltimo \u00e1lbum \u00abRoberto Carlos em Ritmo de Aventura\u00bb produjo varios \u00e9xitos y Roberto ampliaba su campo de acci\u00f3n. Este mismo a\u00f1o viaj\u00f3 a Italia para participar en el Festival de la Canci\u00f3n de Sanremo, donde consigui\u00f3 el [&hellip;]<\/p>\n","protected":false},"author":5,"featured_media":0,"comment_status":"open","ping_status":"open","sticky":false,"template":"","format":"standard","meta":{"footnotes":""},"categories":[539],"tags":[12,3,41],"class_list":["post-5514","post","type-post","status-publish","format-standard","hentry","category-roberto-carlos","tag-brasil","tag-italia","tag-pop"],"_links":{"self":[{"href":"https:\/\/pandc.10z.com.ar\/index.php?rest_route=\/wp\/v2\/posts\/5514","targetHints":{"allow":["GET"]}}],"collection":[{"href":"https:\/\/pandc.10z.com.ar\/index.php?rest_route=\/wp\/v2\/posts"}],"about":[{"href":"https:\/\/pandc.10z.com.ar\/index.php?rest_route=\/wp\/v2\/types\/post"}],"author":[{"embeddable":true,"href":"https:\/\/pandc.10z.com.ar\/index.php?rest_route=\/wp\/v2\/users\/5"}],"replies":[{"embeddable":true,"href":"https:\/\/pandc.10z.com.ar\/index.php?rest_route=%2Fwp%2Fv2%2Fcomments&post=5514"}],"version-history":[{"count":0,"href":"https:\/\/pandc.10z.com.ar\/index.php?rest_route=\/wp\/v2\/posts\/5514\/revisions"}],"wp:attachment":[{"href":"https:\/\/pandc.10z.com.ar\/index.php?rest_route=%2Fwp%2Fv2%2Fmedia&parent=5514"}],"wp:term":[{"taxonomy":"category","embeddable":true,"href":"https:\/\/pandc.10z.com.ar\/index.php?rest_route=%2Fwp%2Fv2%2Fcategories&post=5514"},{"taxonomy":"post_tag","embeddable":true,"href":"https:\/\/pandc.10z.com.ar\/index.php?rest_route=%2Fwp%2Fv2%2Ftags&post=5514"}],"curies":[{"name":"wp","href":"https:\/\/api.w.org\/{rel}","templated":true}]}}