{"id":5507,"date":"2018-08-08T00:02:25","date_gmt":"2018-08-08T03:02:25","guid":{"rendered":"http:\/\/pandc.10z.com.ar\/?p=5507"},"modified":"2018-08-09T00:18:16","modified_gmt":"2018-08-09T03:18:16","slug":"gal-costa-recanto-2011","status":"publish","type":"post","link":"https:\/\/pandc.10z.com.ar\/?p=5507","title":{"rendered":"Gal Costa &#8211; Recanto (2011)"},"content":{"rendered":"<p style=\"text-align: center;\"><a href=\"https:\/\/pandc.10z.com.ar\/wp-content\/img\/galrecantofront.jpg\" target=\"_blank\"><img loading=\"lazy\" decoding=\"async\" class=\"aligncenter\" src=\"https:\/\/pandc.10z.com.ar\/wp-content\/img\/galrecantofront.jpg\" alt=\"\" width=\"400\" height=\"360\" \/><\/a><\/p>\n<p style=\"text-align: center;\"><a href=\"https:\/\/pandc.10z.com.ar\/wp-content\/img\/galrecantoback2.jpg\" target=\"_blank\"><img loading=\"lazy\" decoding=\"async\" class=\"aligncenter\" src=\"https:\/\/pandc.10z.com.ar\/wp-content\/img\/galrecantoback2.jpg\" alt=\"\" width=\"400\" height=\"360\" \/><\/a><\/p>\n<p style=\"text-align: left;\"><strong>Gal Costa<\/strong> acaba de publicar en Brasil su nuevo disco de estudio, <em>\u201cRecanto\u201d<\/em>, que es un trabajo de m\u00fasica electr\u00f3nic, sin temor al riesgo y con un resultado sorprendente.\u00a0 El disco, en verdad, es una obra de <strong>Caetano Veloso<\/strong>: el cre\u00f3 el concepto, compuso las cancoines, arregl\u00f3, y obviamente produjo el \u00e1lbum junto a su hijo <strong>Moreno<\/strong>. Todo eso para colocar en primer plano a la voz de<strong> Gal Costa<\/strong>.<\/p>\n<p>Todo comenz\u00f3 en 2010, cuando <strong>Caetano<\/strong> asisti\u00f3 a una presentaci\u00f3n de <strong>Gal<\/strong> en Lisboa, Portugal. Al regresar a Brasil el comenz\u00f3 el proceso de composici\u00f3n que de a poco fue tomando forma.\u00a0 De los 11 tracks del disco (todos de <em>Caetano<\/em>), nueve son in\u00e9ditas y se destacan: <em>\u201cTudo doi\u201d, \u201cO menino\u201d, \u201cMiami Maculel\u00e9\u201d<\/em> y <em>\u201cNeguinho\u201d<\/em>. A ellas se unen la bella <em>\u201cMansid\u00e2o\u201d<\/em>, grabada hace diez a\u00f1os por <em>Jane Duboc<\/em> y <em>\u201cMadre Deus\u201d<\/em>, compuesta para el ballet <em>\u201cOnqot\u00f4\u201d<\/em>.<\/p>\n<p>Las letras son al mismo tiempo muy directas y un tanto enigm\u00e1ticas. Dice el propio <strong>Caetano Veloso<\/strong>: <em>\u201c\u2019Recanto escuro\u2019 es una biograf\u00eda cifrada de Gal, pero al mismo tiempo tiene elementos de la m\u00eda propia. La compuse primero sin letra. Yo quer\u00eda que \u00e9stas confirmasen el clima que pod\u00edamos obtener con las programaciones\u201d.<\/em><\/p>\n<p>No se trata solamente de recordar el pasado de<strong> Gal<\/strong>, sino de producir con ella un disco que es fuerte como expresi\u00f3n actual y, de todos modos, est\u00e1 a la altura de aquella historia dentro de la m\u00fasica popular de Brasil.<\/p>\n<p>***<\/p>\n<p><a href=\"https:\/\/yadi.sk\/d\/saySuAfc3a3ykh\" target=\"_blank\"><strong>Descarga directa<\/strong><\/a><\/p>\n<p>***<\/p>\n","protected":false},"excerpt":{"rendered":"<p>Gal Costa acaba de publicar en Brasil su nuevo disco de estudio, \u201cRecanto\u201d, que es un trabajo de m\u00fasica electr\u00f3nic, sin temor al riesgo y con un resultado sorprendente.\u00a0 El disco, en verdad, es una obra de Caetano Veloso: el cre\u00f3 el concepto, compuso las cancoines, arregl\u00f3, y obviamente produjo el \u00e1lbum junto a su [&hellip;]<\/p>\n","protected":false},"author":5,"featured_media":0,"comment_status":"open","ping_status":"open","sticky":false,"template":"","format":"standard","meta":{"footnotes":""},"categories":[13,135],"tags":[12,301,23],"class_list":["post-5507","post","type-post","status-publish","format-standard","hentry","category-caetano-veloso","category-gal-costa","tag-brasil","tag-electro-pop","tag-latino"],"_links":{"self":[{"href":"https:\/\/pandc.10z.com.ar\/index.php?rest_route=\/wp\/v2\/posts\/5507","targetHints":{"allow":["GET"]}}],"collection":[{"href":"https:\/\/pandc.10z.com.ar\/index.php?rest_route=\/wp\/v2\/posts"}],"about":[{"href":"https:\/\/pandc.10z.com.ar\/index.php?rest_route=\/wp\/v2\/types\/post"}],"author":[{"embeddable":true,"href":"https:\/\/pandc.10z.com.ar\/index.php?rest_route=\/wp\/v2\/users\/5"}],"replies":[{"embeddable":true,"href":"https:\/\/pandc.10z.com.ar\/index.php?rest_route=%2Fwp%2Fv2%2Fcomments&post=5507"}],"version-history":[{"count":0,"href":"https:\/\/pandc.10z.com.ar\/index.php?rest_route=\/wp\/v2\/posts\/5507\/revisions"}],"wp:attachment":[{"href":"https:\/\/pandc.10z.com.ar\/index.php?rest_route=%2Fwp%2Fv2%2Fmedia&parent=5507"}],"wp:term":[{"taxonomy":"category","embeddable":true,"href":"https:\/\/pandc.10z.com.ar\/index.php?rest_route=%2Fwp%2Fv2%2Fcategories&post=5507"},{"taxonomy":"post_tag","embeddable":true,"href":"https:\/\/pandc.10z.com.ar\/index.php?rest_route=%2Fwp%2Fv2%2Ftags&post=5507"}],"curies":[{"name":"wp","href":"https:\/\/api.w.org\/{rel}","templated":true}]}}