{"id":5465,"date":"2018-12-01T23:30:23","date_gmt":"2018-12-02T02:30:23","guid":{"rendered":"http:\/\/pandc.10z.com.ar\/?p=5465"},"modified":"2018-12-02T19:36:39","modified_gmt":"2018-12-02T22:36:39","slug":"astor-piazzolla-y-su-orquesta-%e2%80%93-pulsacion-1969","status":"publish","type":"post","link":"https:\/\/pandc.10z.com.ar\/?p=5465","title":{"rendered":"Astor Piazzolla y su Orquesta \u2013 Pulsaci\u00f3n (1969)"},"content":{"rendered":"<p style=\"text-align: center;\"><a href=\"https:\/\/pandc.10z.com.ar\/wp-content\/img\/pulsacionfront.jpg\" target=\"_blank\"><img loading=\"lazy\" decoding=\"async\" class=\"aligncenter\" src=\"https:\/\/pandc.10z.com.ar\/wp-content\/img\/pulsacionfront.jpg\" alt=\"\" width=\"400\" height=\"400\" \/><\/a><\/p>\n<p style=\"text-align: center;\"><a href=\"https:\/\/pandc.10z.com.ar\/wp-content\/img\/pulsacionback.jpg\" target=\"_blank\"><img loading=\"lazy\" decoding=\"async\" class=\"aligncenter\" src=\"https:\/\/pandc.10z.com.ar\/wp-content\/img\/pulsacionback.jpg\" alt=\"\" width=\"400\" height=\"400\" \/><\/a><\/p>\n<p style=\"text-align: left;\">El uruguayo <strong>Carlos Paez Vilar\u00f3<\/strong> (pintor, ceramista, escultor muralista, escritor, compositor y constructor) y un grupo de entusiastas de la pintura y el arte, encararon a fines de la d\u00e9cada del 60, un trabajo cinematogr\u00e1fico que trataba de mostrar su actividad. <strong>Vilar\u00f3,<\/strong> por entonces radicado en Francia, pidi\u00f3 a los productores que la m\u00fasica del trabajo cinematogr\u00e1fico fuera hecha por <strong>Astor Piazzolla<\/strong>, a lo cual \u00e9ste accedi\u00f3 r\u00e1pidamente. La m\u00fasica y la pel\u00edcula se llamaron de igual manera: <em>Pulsaci\u00f3n<\/em>.\u00a0 En la cubierta trasera del disco original, podr\u00e1n leer fragmentos de una carta del propio <strong>Vilar\u00f3<\/strong> a <strong>Piazzolla<\/strong>, una foto de ambos, y el relato del origen de este trabajo.<\/p>\n<p>En agosto de 1969 la m\u00fasica de esa pel\u00edcula (hoy inhallable) fue rescatada por<strong> Piazzolla<\/strong> en este trabajo discogr\u00e1fico que suma, en el lado B, las piezas instrumentales de la Opereta <em>\u201cMar\u00eda de Buenos Aires\u201d<\/em>. Tambi\u00e9n en la contratapa podr\u00e1n ver las dos formaciones que acompa\u00f1aron a <strong>Astor<\/strong> en las dos facetas de este disco (caras A y B), apenas diferentes.<\/p>\n<p>***<\/p>\n<p><a href=\"https:\/\/yadi.sk\/d\/HZTeLRECiN43gw\" target=\"_blank\"><strong>Download<\/strong><\/a><\/p>\n<p>***<\/p>\n","protected":false},"excerpt":{"rendered":"<p>El uruguayo Carlos Paez Vilar\u00f3 (pintor, ceramista, escultor muralista, escritor, compositor y constructor) y un grupo de entusiastas de la pintura y el arte, encararon a fines de la d\u00e9cada del 60, un trabajo cinematogr\u00e1fico que trataba de mostrar su actividad. Vilar\u00f3, por entonces radicado en Francia, pidi\u00f3 a los productores que la m\u00fasica del [&hellip;]<\/p>\n","protected":false},"author":5,"featured_media":0,"comment_status":"open","ping_status":"open","sticky":false,"template":"","format":"standard","meta":{"footnotes":""},"categories":[31],"tags":[389,15],"class_list":["post-5465","post","type-post","status-publish","format-standard","hentry","category-astor-piazzolla","tag-argentina","tag-tango"],"_links":{"self":[{"href":"https:\/\/pandc.10z.com.ar\/index.php?rest_route=\/wp\/v2\/posts\/5465","targetHints":{"allow":["GET"]}}],"collection":[{"href":"https:\/\/pandc.10z.com.ar\/index.php?rest_route=\/wp\/v2\/posts"}],"about":[{"href":"https:\/\/pandc.10z.com.ar\/index.php?rest_route=\/wp\/v2\/types\/post"}],"author":[{"embeddable":true,"href":"https:\/\/pandc.10z.com.ar\/index.php?rest_route=\/wp\/v2\/users\/5"}],"replies":[{"embeddable":true,"href":"https:\/\/pandc.10z.com.ar\/index.php?rest_route=%2Fwp%2Fv2%2Fcomments&post=5465"}],"version-history":[{"count":0,"href":"https:\/\/pandc.10z.com.ar\/index.php?rest_route=\/wp\/v2\/posts\/5465\/revisions"}],"wp:attachment":[{"href":"https:\/\/pandc.10z.com.ar\/index.php?rest_route=%2Fwp%2Fv2%2Fmedia&parent=5465"}],"wp:term":[{"taxonomy":"category","embeddable":true,"href":"https:\/\/pandc.10z.com.ar\/index.php?rest_route=%2Fwp%2Fv2%2Fcategories&post=5465"},{"taxonomy":"post_tag","embeddable":true,"href":"https:\/\/pandc.10z.com.ar\/index.php?rest_route=%2Fwp%2Fv2%2Ftags&post=5465"}],"curies":[{"name":"wp","href":"https:\/\/api.w.org\/{rel}","templated":true}]}}