{"id":5446,"date":"2021-05-16T15:50:00","date_gmt":"2021-05-16T18:50:00","guid":{"rendered":"http:\/\/pandc.10z.com.ar\/?p=5446"},"modified":"2022-10-03T19:27:46","modified_gmt":"2022-10-03T22:27:46","slug":"roberto-vecchioni-i-colori-del-buio-2011","status":"publish","type":"post","link":"https:\/\/pandc.10z.com.ar\/?p=5446","title":{"rendered":"Roberto Vecchioni &#8211; I Colori Del Buio (2011)"},"content":{"rendered":"<p style=\"text-align: center;\"><a href=\"https:\/\/pandc.10z.com.ar\/wp-content\/img\/coloribuiofront.jpg\" target=\"_blank\" rel=\"noopener\"><img loading=\"lazy\" decoding=\"async\" class=\"aligncenter\" src=\"https:\/\/pandc.10z.com.ar\/wp-content\/img\/coloribuiofront.jpg\" alt=\"\" width=\"400\" height=\"360\" \/><\/a><\/p>\n<p style=\"text-align: center;\"><a href=\"https:\/\/pandc.10z.com.ar\/wp-content\/img\/coloribuioback.jpg\" target=\"_blank\" rel=\"noopener\"><img loading=\"lazy\" decoding=\"async\" class=\"aligncenter\" src=\"https:\/\/pandc.10z.com.ar\/wp-content\/img\/coloribuioback.jpg\" alt=\"\" width=\"400\" height=\"360\" \/><\/a><\/p>\n<p style=\"text-align: center;\"><a href=\"https:\/\/pandc.10z.com.ar\/wp-content\/img\/coloribuiocd1.jpg\" target=\"_blank\" rel=\"noopener\"><img loading=\"lazy\" decoding=\"async\" class=\"aligncenter\" src=\"https:\/\/pandc.10z.com.ar\/wp-content\/img\/coloribuiocd1.jpg\" alt=\"\" width=\"400\" height=\"400\" \/><\/a><\/p>\n<p style=\"text-align: left;\">En este recientemente editado doble CD, <strong>Roberto Vecchioni<\/strong> recorre toda su carrera (hemos compartido algunas joyas <a href=\"https:\/\/pandc.10z.com.ar\/?cat=183\" target=\"_blank\" rel=\"noopener\"><strong>AQU\u00cd<\/strong><\/a>)\u00a0 afirm\u00e1ndose en algunas canciones que le son particularmente preferidas.\u00a0 Un resumen de \u00e9xitos en su primera antolog\u00eda oficial, mostrando su lado m\u00e1s popular, aquel m\u00e1s cl\u00e1sico, as\u00ed como tambi\u00e9n sus acercamientos al jazz: composiciones que han atravesado generaciones para afincarse en el recuerdo emotivo de todos.\u00a0 Pero para hacerlo a\u00fan mas interesante, el \u00e1lbum tiene dos temas in\u00e9ditos: <em>\u201cI colori del buio\u201d<\/em> (que fue escrito junto a <em>Claudio Guidetti<\/em>\u00a0 y le da nombre al disco), y <em>\u201cUn lungo addio\u201d<\/em>, con la letra firmada por su esposa <em>Daria Colombo<\/em>.\u00a0 El tercer track es un hermoso d\u00fao con <strong>Mina<\/strong> (in\u00e9dito hasta el momento) en <em>\u201cLuci a San Siro\u201d<\/em>. En resumen, un disco hermoso para atesorar y disfrutar tanto de las melod\u00edas como de la poes\u00eda que contiene.<\/p>\n<p>***********<\/p>\n<p><a href=\"https:\/\/disk.yandex.com\/d\/n-bJK9T7j_lO-w\" target=\"_blank\" rel=\"noopener\"><strong>Descargar<\/strong><\/a><\/p>\n<p>***********<\/p>\n","protected":false},"excerpt":{"rendered":"<p>En este recientemente editado doble CD, Roberto Vecchioni recorre toda su carrera (hemos compartido algunas joyas AQU\u00cd)\u00a0 afirm\u00e1ndose en algunas canciones que le son particularmente preferidas.\u00a0 Un resumen de \u00e9xitos en su primera antolog\u00eda oficial, mostrando su lado m\u00e1s popular, aquel m\u00e1s cl\u00e1sico, as\u00ed como tambi\u00e9n sus acercamientos al jazz: composiciones que han atravesado generaciones [&hellip;]<\/p>\n","protected":false},"author":5,"featured_media":0,"comment_status":"open","ping_status":"open","sticky":false,"template":"","format":"standard","meta":{"footnotes":""},"categories":[183],"tags":[3,41],"class_list":["post-5446","post","type-post","status-publish","format-standard","hentry","category-roberto-vecchioni","tag-italia","tag-pop"],"_links":{"self":[{"href":"https:\/\/pandc.10z.com.ar\/index.php?rest_route=\/wp\/v2\/posts\/5446","targetHints":{"allow":["GET"]}}],"collection":[{"href":"https:\/\/pandc.10z.com.ar\/index.php?rest_route=\/wp\/v2\/posts"}],"about":[{"href":"https:\/\/pandc.10z.com.ar\/index.php?rest_route=\/wp\/v2\/types\/post"}],"author":[{"embeddable":true,"href":"https:\/\/pandc.10z.com.ar\/index.php?rest_route=\/wp\/v2\/users\/5"}],"replies":[{"embeddable":true,"href":"https:\/\/pandc.10z.com.ar\/index.php?rest_route=%2Fwp%2Fv2%2Fcomments&post=5446"}],"version-history":[{"count":2,"href":"https:\/\/pandc.10z.com.ar\/index.php?rest_route=\/wp\/v2\/posts\/5446\/revisions"}],"predecessor-version":[{"id":6468,"href":"https:\/\/pandc.10z.com.ar\/index.php?rest_route=\/wp\/v2\/posts\/5446\/revisions\/6468"}],"wp:attachment":[{"href":"https:\/\/pandc.10z.com.ar\/index.php?rest_route=%2Fwp%2Fv2%2Fmedia&parent=5446"}],"wp:term":[{"taxonomy":"category","embeddable":true,"href":"https:\/\/pandc.10z.com.ar\/index.php?rest_route=%2Fwp%2Fv2%2Fcategories&post=5446"},{"taxonomy":"post_tag","embeddable":true,"href":"https:\/\/pandc.10z.com.ar\/index.php?rest_route=%2Fwp%2Fv2%2Ftags&post=5446"}],"curies":[{"name":"wp","href":"https:\/\/api.w.org\/{rel}","templated":true}]}}