{"id":5357,"date":"2011-11-10T02:12:56","date_gmt":"2011-11-10T04:12:56","guid":{"rendered":"http:\/\/pandc.10z.com.ar\/?p=5357"},"modified":"2011-11-26T09:34:07","modified_gmt":"2011-11-26T11:34:07","slug":"laura-pausini-inedito-deluxe-edition-2011","status":"publish","type":"post","link":"https:\/\/pandc.10z.com.ar\/?p=5357","title":{"rendered":"Laura Pausini &#8211; Inedito (Deluxe Edition &#8211; Italiano\/Espa\u00f1ol + Bonus Tracks) (2011)"},"content":{"rendered":"<p style=\"text-align: center;\"><a href=\"https:\/\/pandc.10z.com.ar\/wp-content\/img\/lauraineditofront.jpg\" target=\"_blank\"><img loading=\"lazy\" decoding=\"async\" class=\"aligncenter\" src=\"https:\/\/pandc.10z.com.ar\/wp-content\/img\/lauraineditofront.jpg\" alt=\"\" width=\"400\" height=\"360\" \/><\/a><\/p>\n<p style=\"text-align: center;\"><a href=\"https:\/\/pandc.10z.com.ar\/wp-content\/img\/lauraineditoback.jpg\" target=\"_blank\"><img loading=\"lazy\" decoding=\"async\" class=\"aligncenter\" src=\"https:\/\/pandc.10z.com.ar\/wp-content\/img\/lauraineditoback.jpg\" alt=\"\" width=\"400\" height=\"360\" \/><\/a><\/p>\n<p style=\"text-align: left;\"><em>\u201cIn\u00e9dito\u201d<\/em> es el und\u00e9cimo \u00e1lbum de estudio de la cantante italiana<strong> Laura Pausini<\/strong> (de quien ya hemos hablado <a href=\"https:\/\/pandc.10z.com.ar\/?cat=471\" target=\"_blank\"><strong>AQU\u00cd<\/strong><\/a>), publicado por Warner Music y que ser\u00e1 lanzado el 11 de Noviembre de 2011, a las 11 hs de Italia en esa <em>\u201cm\u00e1gica coincidencia\u201d<\/em> n\u00famerica. Este \u00e1lbum marca el regreso de <strong>Pausini<\/strong>, despu\u00e9s de 2 a\u00f1os de pausa en su carrera y contiene catorce nuevas canciones.\u00a0 La cubierta del disco fue realizada en Los Angeles por uno del los maestros de la fotografia, <em>Mark Liddell<\/em>.<\/p>\n<p>El \u00e1lbum abre con el que ha sido el primer corte de difusi\u00f3n, <em>\u201cBenvenuto\u201d<\/em>, firmado por <strong>Pausini, Niccol\u00f3 Agliardi<\/strong> y la m\u00fasica compuesta por <strong>Paolo Carta<\/strong>, que incluso ha trabajado en la producci\u00f3n de parte del disco.\u00a0 El resto de las canciones tiene el sello de <strong>Laura Pausini<\/strong>: hermosas baladas, buenos temas pop y, tal vez aqu\u00ed la apuesta m\u00e1s fuerte, canciones con fuerte tono de rock. El disco contiene tres d\u00faos: <em>\u201cTroppo tempo\u201d<\/em>, con <strong>Ivano Fossati<\/strong>, <em>\u201cIn\u00e9dito\u201d<\/em>, con<strong> Gianna Nannini<\/strong> y<em> \u201cNel primo sguardo\u201d<\/em>, con <strong>Silvia Pausini<\/strong>. En esta versi\u00f3n <em>\u201cdeluxe\u201d<\/em>, se incluye la versi\u00f3n solista de <em>\u201cIn\u00e9dito\u201d<\/em> y<em> \u201cNel primo sguardo\u201d<\/em>, \u00e9sta \u00faltima tambi\u00e9n en su versi\u00f3n en franc\u00e9s (<em>\u00abDans le premier regard\u201d)<\/em>.\u00a0 Afortunadamente el disco se edita en forma de CD doble, con la versi\u00f3n original en italiano y su par en espa\u00f1ol (<em>los d\u00faos tambi\u00e9n est\u00e1n cantados en espa\u00f1ol!<\/em>), y como bonus tracks de este segundo vol\u00famen, aparece otra versi\u00f3n de <em>\u201cNel primo sguardo\u201d<\/em>, cantada en portugu\u00e9s. Aunque tambi\u00e9n sigo prefiriendo a los artistas cantando en su lengua original, hay que decir que <strong>Laura<\/strong> lo hace excelentemente en espa\u00f1ol, portugu\u00e9s y franc\u00e9s. <em><strong><\/strong><\/em><\/p>\n<p><em><strong>Disco recomendado!!<\/strong><\/em><\/p>\n<p>&nbsp;<\/p>\n<p>***<\/p>\n<p><a href=\"http:\/\/www.megaupload.com\/?d=QSZH3P1N\" target=\"_blank\"><strong>Aqu\u00ed<\/strong><\/a><\/p>\n<p>***<\/p>\n","protected":false},"excerpt":{"rendered":"<p>\u201cIn\u00e9dito\u201d es el und\u00e9cimo \u00e1lbum de estudio de la cantante italiana Laura Pausini (de quien ya hemos hablado AQU\u00cd), publicado por Warner Music y que ser\u00e1 lanzado el 11 de Noviembre de 2011, a las 11 hs de Italia en esa \u201cm\u00e1gica coincidencia\u201d n\u00famerica. Este \u00e1lbum marca el regreso de Pausini, despu\u00e9s de 2 a\u00f1os [&hellip;]<\/p>\n","protected":false},"author":5,"featured_media":0,"comment_status":"open","ping_status":"open","sticky":false,"template":"","format":"standard","meta":{"footnotes":""},"categories":[471],"tags":[3,41,39],"class_list":["post-5357","post","type-post","status-publish","format-standard","hentry","category-laura-pausini","tag-italia","tag-pop","tag-rock"],"_links":{"self":[{"href":"https:\/\/pandc.10z.com.ar\/index.php?rest_route=\/wp\/v2\/posts\/5357","targetHints":{"allow":["GET"]}}],"collection":[{"href":"https:\/\/pandc.10z.com.ar\/index.php?rest_route=\/wp\/v2\/posts"}],"about":[{"href":"https:\/\/pandc.10z.com.ar\/index.php?rest_route=\/wp\/v2\/types\/post"}],"author":[{"embeddable":true,"href":"https:\/\/pandc.10z.com.ar\/index.php?rest_route=\/wp\/v2\/users\/5"}],"replies":[{"embeddable":true,"href":"https:\/\/pandc.10z.com.ar\/index.php?rest_route=%2Fwp%2Fv2%2Fcomments&post=5357"}],"version-history":[{"count":0,"href":"https:\/\/pandc.10z.com.ar\/index.php?rest_route=\/wp\/v2\/posts\/5357\/revisions"}],"wp:attachment":[{"href":"https:\/\/pandc.10z.com.ar\/index.php?rest_route=%2Fwp%2Fv2%2Fmedia&parent=5357"}],"wp:term":[{"taxonomy":"category","embeddable":true,"href":"https:\/\/pandc.10z.com.ar\/index.php?rest_route=%2Fwp%2Fv2%2Fcategories&post=5357"},{"taxonomy":"post_tag","embeddable":true,"href":"https:\/\/pandc.10z.com.ar\/index.php?rest_route=%2Fwp%2Fv2%2Ftags&post=5357"}],"curies":[{"name":"wp","href":"https:\/\/api.w.org\/{rel}","templated":true}]}}