{"id":5351,"date":"2011-11-08T03:18:37","date_gmt":"2011-11-08T05:18:37","guid":{"rendered":"http:\/\/pandc.10z.com.ar\/?p=5351"},"modified":"2011-11-08T03:18:37","modified_gmt":"2011-11-08T05:18:37","slug":"walter-wanderley-batucada-1967-japanese-edition","status":"publish","type":"post","link":"https:\/\/pandc.10z.com.ar\/?p=5351","title":{"rendered":"Walter Wanderley &#8211; Batucada (1967) (Japanese Edition)"},"content":{"rendered":"<p style=\"text-align: center;\"><a href=\"https:\/\/pandc.10z.com.ar\/wp-content\/img\/Wanderley1.jpg\" target=\"_blank\"><img loading=\"lazy\" decoding=\"async\" class=\"aligncenter\" title=\"wad1\" src=\"https:\/\/pandc.10z.com.ar\/wp-content\/img\/Wanderley1.jpg\" alt=\"\" width=\"400\" height=\"400\" \/><\/a><\/p>\n<p style=\"text-align: center;\"><a href=\"https:\/\/pandc.10z.com.ar\/wp-content\/img\/Wanderley2.jpg\" target=\"_blank\"><img loading=\"lazy\" decoding=\"async\" class=\"aligncenter\" title=\"wad2\" src=\"https:\/\/pandc.10z.com.ar\/wp-content\/img\/Wanderley2.jpg\" alt=\"\" width=\"400\" height=\"400\" \/><\/a><\/p>\n<p style=\"text-align: center;\"><a href=\"https:\/\/pandc.10z.com.ar\/wp-content\/img\/Wanderley3.jpg\" target=\"_blank\"><img loading=\"lazy\" decoding=\"async\" class=\"aligncenter\" title=\"wad3\" src=\"https:\/\/pandc.10z.com.ar\/wp-content\/img\/Wanderley3.jpg\" alt=\"\" width=\"400\" height=\"400\" \/><\/a><\/p>\n<p style=\"text-align: justify;\">Pianista y organista de Pernambuco, fue a S\u00e3o Paulo a fines de los a\u00f1os 50, donde trabaj\u00f3 como pianista en bares y discotecas. En 1960, cre\u00f3 Walter Wanderley e Seu Conjunto, en el que \u00e9l tocaba el \u00f3rgano, y acompa\u00f1\u00f3 a Jo\u00e3o Gilberto, D\u00f3ris Monteiro y otros. \u00abSamba de Ver\u00e3o\u00bb, de Marcos Valle e Paulo S\u00e9rgio Valle.<br \/>\nEste \u00abBatucada, disco hist\u00f3rico, fue originalmente grabado en mayo y junio de 1967, en Hollywood, California. Afortunadamente Verve Jap\u00f3n lo ha re editado en Cd y gracias a nuestro <strong>\u00abComplice\u00bb Christian<\/strong> aqu\u00ed lo tenemos.<br \/>\nWalter Wanderley estaba en su \u00e1pice cuando este \u00e1lbum fue lanzado y tiene una combinaci\u00f3n muy interesante de la Bossa Nova cl\u00e1sica, as\u00ed como Bossa Jazz: O Barquinho, Wave y Jequibau son cl\u00e1sicos de la Bossa Nova mientra que temas como Batucada y Os Grilos (ambos escritos por Marcos Valle) son el ejemplo perfecto de Bossa Jazz por lo que Walter Wanderley se hizo famoso.<\/p>\n<p style=\"text-align: justify;\">\nLos invitados para esta grabaci\u00f3n son impresionantes:<\/p>\n<p>&#8211; Walter Wanderley \/ Organo, Piano y Arreglos<br \/>\n&#8211; Marcos Valle \/ Guitarra y arreglos<br \/>\n&#8211; Jos\u00e9 Marina \/ Bajo (miembro original de la selva tropical y los \u00e1lbumes Cheganca)<br \/>\n&#8211; Dom Um Romao, \/ Drums<br \/>\n&#8211; Paulinho \/ Drums<br \/>\n&#8211; Sebasti\u00e3o Neto \/ Bajo<br \/>\n&#8211; Lu Lu Ferreira \/ Percusi\u00f3n<br \/>\n&#8211; Tayla Ferro \/ Voz<br \/>\n&#8211; Claudio Miranda \/ Voz<\/p>\n<p>***<\/p>\n<p><strong>Tracklist:<\/strong><\/p>\n<p>01. On The South Side Of Chicago (Phil Zeller)<br \/>\n02. \u00d3 Barquinho (Little Boat) (Menescal-Boscoli)<br \/>\n03. Batucada (The Beat) (Marcos Valle-Paulo Valle)<br \/>\n04. It Hurts To Say Goodbye (Gainsbourg-Goland-Gold)<br \/>\n05. Os Grilos (The Crickets Sing For Anamaria) (Marcos Valle-Paulo Valle)<br \/>\n06. Minha Saudade (My Longing) (Joao Donato-Joao Gilberto)<br \/>\n07. \u00c9 Preciso Cantar (It&#8217;s Time To Sing) (Marcos Valle-Paulo Valle)<br \/>\n08. So What&#8217;s New (J.Pisano-Peggy Lee)<br \/>\n09. Wave (A.C.Jobim)<br \/>\n10. Ainda Mais Lindo (More Beautiful) (Marcos Valle-Paulo Valle)<br \/>\n11. Ela \u00c9 Carioca (She&#8217;s A Carioca) (A.C.Jobim-R.Gilberto-V. De Moraes)<br \/>\n12. Jequibau (Pretty Butterfly) (C.Pereiro-M.Albanese)<\/p>\n<p>***<\/p>\n<p><a href=\"http:\/\/www.megaupload.com\/?d=QGBXLO50\" target=\"_blank\">Aqu\u00ed<br \/>\n<\/a><br \/>\n***<\/p>\n","protected":false},"excerpt":{"rendered":"<p>Pianista y organista de Pernambuco, fue a S\u00e3o Paulo a fines de los a\u00f1os 50, donde trabaj\u00f3 como pianista en bares y discotecas. En 1960, cre\u00f3 Walter Wanderley e Seu Conjunto, en el que \u00e9l tocaba el \u00f3rgano, y acompa\u00f1\u00f3 a Jo\u00e3o Gilberto, D\u00f3ris Monteiro y otros. \u00abSamba de Ver\u00e3o\u00bb, de Marcos Valle e Paulo [&hellip;]<\/p>\n","protected":false},"author":4,"featured_media":0,"comment_status":"open","ping_status":"open","sticky":false,"template":"","format":"standard","meta":{"footnotes":""},"categories":[533],"tags":[12],"class_list":["post-5351","post","type-post","status-publish","format-standard","hentry","category-walter-wanderley","tag-brasil"],"_links":{"self":[{"href":"https:\/\/pandc.10z.com.ar\/index.php?rest_route=\/wp\/v2\/posts\/5351","targetHints":{"allow":["GET"]}}],"collection":[{"href":"https:\/\/pandc.10z.com.ar\/index.php?rest_route=\/wp\/v2\/posts"}],"about":[{"href":"https:\/\/pandc.10z.com.ar\/index.php?rest_route=\/wp\/v2\/types\/post"}],"author":[{"embeddable":true,"href":"https:\/\/pandc.10z.com.ar\/index.php?rest_route=\/wp\/v2\/users\/4"}],"replies":[{"embeddable":true,"href":"https:\/\/pandc.10z.com.ar\/index.php?rest_route=%2Fwp%2Fv2%2Fcomments&post=5351"}],"version-history":[{"count":0,"href":"https:\/\/pandc.10z.com.ar\/index.php?rest_route=\/wp\/v2\/posts\/5351\/revisions"}],"wp:attachment":[{"href":"https:\/\/pandc.10z.com.ar\/index.php?rest_route=%2Fwp%2Fv2%2Fmedia&parent=5351"}],"wp:term":[{"taxonomy":"category","embeddable":true,"href":"https:\/\/pandc.10z.com.ar\/index.php?rest_route=%2Fwp%2Fv2%2Fcategories&post=5351"},{"taxonomy":"post_tag","embeddable":true,"href":"https:\/\/pandc.10z.com.ar\/index.php?rest_route=%2Fwp%2Fv2%2Ftags&post=5351"}],"curies":[{"name":"wp","href":"https:\/\/api.w.org\/{rel}","templated":true}]}}