{"id":5307,"date":"2011-10-28T00:01:36","date_gmt":"2011-10-28T02:01:36","guid":{"rendered":"http:\/\/pandc.10z.com.ar\/?p=5307"},"modified":"2011-10-27T22:17:01","modified_gmt":"2011-10-28T00:17:01","slug":"michel-polnareff-kama-sutra-1990","status":"publish","type":"post","link":"https:\/\/pandc.10z.com.ar\/?p=5307","title":{"rendered":"Michel Polnareff &#8211; K\u00e2ma-S\u00fbtra (1990)"},"content":{"rendered":"<p style=\"text-align: center;\"><a href=\"https:\/\/pandc.10z.com.ar\/wp-content\/img\/kamasfront.jpg\" target=\"_blank\"><img loading=\"lazy\" decoding=\"async\" class=\"aligncenter\" src=\"https:\/\/pandc.10z.com.ar\/wp-content\/img\/kamasfront.jpg\" alt=\"\" width=\"400\" height=\"400\" \/><\/a><\/p>\n<p style=\"text-align: center;\"><a href=\"https:\/\/pandc.10z.com.ar\/wp-content\/img\/kamasback.jpg\" target=\"_blank\"><img loading=\"lazy\" decoding=\"async\" class=\"aligncenter\" src=\"https:\/\/pandc.10z.com.ar\/wp-content\/img\/kamasback.jpg\" alt=\"\" width=\"400\" height=\"330\" \/><\/a><\/p>\n<p style=\"text-align: center;\"><a href=\"https:\/\/pandc.10z.com.ar\/wp-content\/img\/kamascd.jpg\" target=\"_blank\"><img loading=\"lazy\" decoding=\"async\" class=\"aligncenter\" src=\"https:\/\/pandc.10z.com.ar\/wp-content\/img\/kamascd.jpg\" alt=\"\" width=\"400\" height=\"400\" \/><\/a><\/p>\n<p><strong>Michel Polnareff<\/strong> jam\u00e1s figur\u00f3 entre los mas conocidos m\u00fasicos de Francia, tal vez por ser un extraordinario pianista formado en los colegios y academias m\u00e1s exigentes de la Paris, o tal vez porque su condici\u00f3n de homosexual militante lo hac\u00eda retra\u00eddo y t\u00edmido en extremo. <strong>Polnareff<\/strong> es un artista diferente en la escena musical francesa: un gran compositor que ha sabido sobreponerse a toda clase de obst\u00e1culos en su carrera, para entregarnos una serie de muy buenas canciones.<\/p>\n<p>&nbsp;<\/p>\n<p>Naci\u00f3 en N\u00e9rac, en el departamento del Lot-et-Garonne, el 3 de julio de 1944, y una vez terminada la II Guerra Mundial la familia regresa a Par\u00eds. Su padre, Leib Polnareff, era un notorio m\u00fasico que actuaba bajo el seud\u00f3nimo de <em>L\u00e9o Poll<\/em>, colaborando, entre otras cosas, para estrellas de la talla de Edith Piaf. A partir de los cinco a\u00f1os tocaba el piano como un peque\u00f1o Mozart, y muy r\u00e1pidamente, se convert\u00eda en un brillante instrumentista. A los once, el ni\u00f1o se descuelga con el primer premio de solfeo en el Conservatorio de Par\u00eds, y partir de 1964 se instala en\u00a0 Montmartre. Pasa entonces algunos meses ensayando en la calle, hasta que en 1965, obtiene el trofeo de la revista <em>Disco Revue<\/em> al mejor autor.\u00a0 El premio es un contrato en <em>Barclay<\/em>, famosa casa de discos parisiense, pero<strong> Polnareff<\/strong>, a contracorriente, rechaza el galard\u00f3n para acudir a <em>Lucien Morisse<\/em>, due\u00f1o de la estaci\u00f3n de radio Europe-1, que le hace firmar bajo los auspicios del sello <em>AZ<\/em>.<\/p>\n<p>&nbsp;<\/p>\n<p>A partir de ese momento, los \u00e9xitos fueron poblando sus vitrinas, como el Premio de la Cr\u00edtica Francesa, la Rosa de Oro de Antibes, editando sin prisa pero sin pausa, canciones de enorme calidad como <em>\u201cHolidays\u201d, \u201cSous quelle etoile suis-je n\u00e9?\u201d, \u201cLe Roi des fourmis\u201d, \u201cAme c\u00e2line\u201d, \u201cL`Amour avec toi\u201d<\/em> (que provoc\u00f3 un esc\u00e1ndalo may\u00fasculo en la pacata Francia de los setenta) al lado de otras menos sugerentes.<\/p>\n<p>&nbsp;<\/p>\n<p>Este disco que hoy presentamos fu\u00e9 gestado y grabado en el Hotel Royal Marceau, de Paris, en el que se recluy\u00f3 junto a algunos amigos durante un a\u00f1o y medio, para crear estas canciones.\u00a0 En el disco colabora nada menos que<strong> Mike Oldfield<\/strong>, en los solos de guitarra. Pero el disco es mucho m\u00e1s que esa colaboraci\u00f3n, y sirve para aproximarnos a la obra de este artista fuera de cat\u00e1logo.<\/p>\n<p>&nbsp;<\/p>\n<p>***<\/p>\n<p><a href=\"http:\/\/www.megaupload.com\/?d=A99JJPZW\" target=\"_blank\"><strong>Aqu\u00ed<\/strong><\/a><\/p>\n<p><a href=\"http:\/\/www.megaupload.com\/?d=OEC6I939\" target=\"_blank\"><strong>Aqu\u00ed<\/strong><\/a><\/p>\n<p>***<\/p>\n<p>&nbsp;<\/p>\n","protected":false},"excerpt":{"rendered":"<p>Michel Polnareff jam\u00e1s figur\u00f3 entre los mas conocidos m\u00fasicos de Francia, tal vez por ser un extraordinario pianista formado en los colegios y academias m\u00e1s exigentes de la Paris, o tal vez porque su condici\u00f3n de homosexual militante lo hac\u00eda retra\u00eddo y t\u00edmido en extremo. Polnareff es un artista diferente en la escena musical francesa: [&hellip;]<\/p>\n","protected":false},"author":5,"featured_media":0,"comment_status":"open","ping_status":"open","sticky":false,"template":"","format":"standard","meta":{"footnotes":""},"categories":[527],"tags":[528,10,41],"class_list":["post-5307","post","type-post","status-publish","format-standard","hentry","category-michel-polnareff","tag-chanson","tag-francia","tag-pop"],"_links":{"self":[{"href":"https:\/\/pandc.10z.com.ar\/index.php?rest_route=\/wp\/v2\/posts\/5307","targetHints":{"allow":["GET"]}}],"collection":[{"href":"https:\/\/pandc.10z.com.ar\/index.php?rest_route=\/wp\/v2\/posts"}],"about":[{"href":"https:\/\/pandc.10z.com.ar\/index.php?rest_route=\/wp\/v2\/types\/post"}],"author":[{"embeddable":true,"href":"https:\/\/pandc.10z.com.ar\/index.php?rest_route=\/wp\/v2\/users\/5"}],"replies":[{"embeddable":true,"href":"https:\/\/pandc.10z.com.ar\/index.php?rest_route=%2Fwp%2Fv2%2Fcomments&post=5307"}],"version-history":[{"count":0,"href":"https:\/\/pandc.10z.com.ar\/index.php?rest_route=\/wp\/v2\/posts\/5307\/revisions"}],"wp:attachment":[{"href":"https:\/\/pandc.10z.com.ar\/index.php?rest_route=%2Fwp%2Fv2%2Fmedia&parent=5307"}],"wp:term":[{"taxonomy":"category","embeddable":true,"href":"https:\/\/pandc.10z.com.ar\/index.php?rest_route=%2Fwp%2Fv2%2Fcategories&post=5307"},{"taxonomy":"post_tag","embeddable":true,"href":"https:\/\/pandc.10z.com.ar\/index.php?rest_route=%2Fwp%2Fv2%2Ftags&post=5307"}],"curies":[{"name":"wp","href":"https:\/\/api.w.org\/{rel}","templated":true}]}}