{"id":5157,"date":"2014-09-27T11:40:33","date_gmt":"2014-09-27T14:40:33","guid":{"rendered":"http:\/\/pandc.10z.com.ar\/?p=5157"},"modified":"2018-04-05T00:28:14","modified_gmt":"2018-04-05T03:28:14","slug":"astor-piazzolla-20-anos-de-vanguardia-con-sus-conjuntos-1964","status":"publish","type":"post","link":"https:\/\/pandc.10z.com.ar\/?p=5157","title":{"rendered":"Astor Piazzolla &#8211; 20 A\u00f1os de Vanguardia con sus Conjuntos (1964)"},"content":{"rendered":"<p style=\"text-align: center;\"><a href=\"https:\/\/pandc.10z.com.ar\/wp-content\/img\/ap20front2.jpg\" target=\"_blank\"><img loading=\"lazy\" decoding=\"async\" class=\"aligncenter\" src=\"https:\/\/pandc.10z.com.ar\/wp-content\/img\/ap20front2.jpg\" alt=\"\" width=\"400\" height=\"400\" \/><\/a><\/p>\n<p style=\"text-align: center;\"><a href=\"https:\/\/pandc.10z.com.ar\/wp-content\/img\/ap20front1.jpg\" target=\"_blank\"><img loading=\"lazy\" decoding=\"async\" class=\"aligncenter\" src=\"https:\/\/pandc.10z.com.ar\/wp-content\/img\/ap20front1.jpg\" alt=\"\" width=\"400\" height=\"400\" \/><\/a><\/p>\n<p style=\"text-align: center;\"><a href=\"https:\/\/pandc.10z.com.ar\/wp-content\/img\/ap20back.jpg\" target=\"_blank\"><img loading=\"lazy\" decoding=\"async\" class=\"aligncenter\" src=\"https:\/\/pandc.10z.com.ar\/wp-content\/img\/ap20back.jpg\" alt=\"\" width=\"400\" height=\"400\" \/><\/a><\/p>\n<p style=\"text-align: left;\"><strong>Piazzolla<\/strong> comenz\u00f3 su relaci\u00f3n con <em>Philips<\/em>, a partir de 1964, con un disco que implicaba una importante idea de producci\u00f3n.\u00a0 El m\u00fasico\u00a0 decidi\u00f3 rearmar sus grupos del pasado (la Orquesta T\u00edpica del \u201946, la Orquesta de Cuerdas de 1956, el Octeto del \u201955), y rendirse homenaje a s\u00ed mismo en una retrospectiva adelantada donde se inclu\u00edan dos temas por cada una de las orquestas, una suite por el octeto y cuatro temas por su quinteto de ese momento.<\/p>\n<p>El disco se llam\u00f3 <em>\u201c1944-1964, 20 a\u00f1os de vanguardia con sus conjuntos\u201d.<\/em>\u00a0 Ese disco original, con temas y arreglos nuevos y algunas obras maestras como <em>\u201cTango ballet\u201d<\/em>, para el que reuni\u00f3 al octeto con <strong>Francini, Stampone, Baralis, Malvicino y Bragato<\/strong>, pas\u00f3 por una antolog\u00eda m\u00e1s.<\/p>\n<p>La cubierta original es la de fondo marr\u00f3n, y la tapa en rojo corresponde a una reedici\u00f3n muy limitada realizada en la d\u00e9cada de 1980, en ambos casos con nula informaci\u00f3n acerca de los m\u00fasicos participantes, que aqu\u00ed hemos recompuesto buscando los datos en la web.\u00a0 Todos los temas le pertenecen a <strong>Piazzolla<\/strong>, excepto <em>\u201cEl recodo\u201d<\/em>, de <strong>Alejandro Junissi<\/strong>, y <em>\u201cOrgullo criollo\u201d<\/em> de <strong>Julio De Caro y Pedro L\u00e1urenz<\/strong>.<\/p>\n<p><strong>El disco nunca se edit\u00f3 en CD y sigue siendo una pieza olvidada de la discograf\u00eda de Astor Piazzolla.<\/strong><\/p>\n<p><em><strong>Tracklist:<\/strong><\/em><\/p>\n<p><strong>01. El recodo <\/strong><br \/>\n<strong>02. Orgullo criollo<\/strong><br \/>\n<em>M\u00fasicos tracks 01 y 02:<\/em><br \/>\nAstor Piazzolla: bandone\u00f3n, arreglos, direcci\u00f3n<br \/>\nLeopoldo Federico, Abelardo Alfons\u00edn, Ernesto Baffa: bandone\u00f3n<br \/>\nAtilio Stampone: piano<br \/>\nHugo Baralis, Antonio Agri, Domingo Mancuso, Andr\u00e9s Rivas, Carmelo Cavallaro: violines<br \/>\nJos\u00e9 Bragato: violoncello<br \/>\nQuicho D\u00edaz: bajo<\/p>\n<p><strong>03. Prep\u00e1rense <\/strong><br \/>\n<strong>04. Imperial<\/strong><br \/>\n<em>M\u00fasicos tracks 03 y 04:<\/em><br \/>\nAstor Piazzolla : bandone\u00f3n, arreglos, direcci\u00f3n<br \/>\nOsvaldo Manzi: piano<br \/>\nAntonio Agri, Hugo Baralis, Domingo Mancuso, David D\u00edaz, Aquiles Aguilar, Jos\u00e9 Nieso, Juan Schiaffino, Claudio Gonz\u00e1lez: violines<br \/>\nJos\u00e9 Bragato, Oscar L\u00f3pez Echeverr\u00eda : violoncellos<br \/>\nQuicho D\u00edaz: bajo<br \/>\nOscar L\u00f3pez Ruiz: guitarra el\u00e9ctrica<\/p>\n<p><strong>05. Bandone\u00f3n, guitarra y bajo<\/strong><br \/>\n<strong>06. Lunfardo<\/strong><br \/>\n<em>M\u00fasicos tracks 05 y 06:<\/em><br \/>\nAstor Piazzolla: bandone\u00f3n, arreglos, direcci\u00f3n<br \/>\nOsvaldo Manzi: piano<br \/>\nAntonio Agri: viol\u00edn<br \/>\nOscar L\u00f3pez Ruiz: guitarra el\u00e9ctrica<br \/>\nQuicho D\u00edaz: bajo<\/p>\n<p><strong>07. Tango ballet<\/strong><br \/>\n<strong>a)Introducci\u00f3n &#8211; La calle<\/strong><br \/>\n<strong>b)Encuentro &#8211; Cabaret<\/strong><br \/>\n<strong>c)Soledad &#8211; Calle final<\/strong><br \/>\n<em>M\u00fasicos track 07 :<\/em><br \/>\nAstor Piazzolla: bandone\u00f3n, arreglos, direcci\u00f3n<br \/>\nLeopoldo Federico: bandone\u00f3n<br \/>\nAtilio Stampone: piano<br \/>\nEnrique Mario Francini, Hugo Baralis: violines<br \/>\nJos\u00e9 Bragato: violoncello<br \/>\nQuicho D\u00edaz: bajo<br \/>\nHoracio Malvicino: guitarra el\u00e9ctrica<\/p>\n<p><strong>08. Caliente<\/strong><br \/>\n<strong>09. Contemporaneo<\/strong><br \/>\n<em>M\u00fasicos tracks 08 y 09 :<\/em><br \/>\nAstor Piazzolla: bandone\u00f3n, arreglos, direcci\u00f3n<br \/>\nOsvaldo Manzi: piano<br \/>\nAntonio Agri: viol\u00edn<br \/>\nOscar L\u00f3pez Ruiz: guitarra el\u00e9ctrica<br \/>\nQuicho D\u00edaz: bajo<\/p>\n<p>***<\/p>\n<p><a target=\"_blank\" href=\"https:\/\/pandc.10z.com.ar\/torrent\/Astor Piazzolla - 20 a\u00f1os de vanguardia.torrent\" target=\"_blank\"><strong>Descargar torrent<\/strong><\/a><\/p>\n<p><a target=\"_blank\" href=\"https:\/\/yadi.sk\/d\/TvMWM9Vg3TAKzg\" target=\"_blank\"><strong>Descarga Directa<\/strong><\/a><\/p>\n<p>***<\/p>\n<p> <!-- Begin BidVertiser code --><br \/>\n<SCRIPT SRC=\"http:\/\/bdv.bidvertiser.com\/BidVertiser.dbm?pid=763064&#038;bid=1872602\" TYPE=\"text\/javascript\"><\/SCRIPT><br \/>\n<!-- End BidVertiser code --> <\/p>\n","protected":false},"excerpt":{"rendered":"<p>Piazzolla comenz\u00f3 su relaci\u00f3n con Philips, a partir de 1964, con un disco que implicaba una importante idea de producci\u00f3n.\u00a0 El m\u00fasico\u00a0 decidi\u00f3 rearmar sus grupos del pasado (la Orquesta T\u00edpica del \u201946, la Orquesta de Cuerdas de 1956, el Octeto del \u201955), y rendirse homenaje a s\u00ed mismo en una retrospectiva adelantada donde se [&hellip;]<\/p>\n","protected":false},"author":5,"featured_media":0,"comment_status":"open","ping_status":"open","sticky":false,"template":"","format":"standard","meta":{"footnotes":""},"categories":[31],"tags":[389,15],"class_list":["post-5157","post","type-post","status-publish","format-standard","hentry","category-astor-piazzolla","tag-argentina","tag-tango"],"_links":{"self":[{"href":"https:\/\/pandc.10z.com.ar\/index.php?rest_route=\/wp\/v2\/posts\/5157","targetHints":{"allow":["GET"]}}],"collection":[{"href":"https:\/\/pandc.10z.com.ar\/index.php?rest_route=\/wp\/v2\/posts"}],"about":[{"href":"https:\/\/pandc.10z.com.ar\/index.php?rest_route=\/wp\/v2\/types\/post"}],"author":[{"embeddable":true,"href":"https:\/\/pandc.10z.com.ar\/index.php?rest_route=\/wp\/v2\/users\/5"}],"replies":[{"embeddable":true,"href":"https:\/\/pandc.10z.com.ar\/index.php?rest_route=%2Fwp%2Fv2%2Fcomments&post=5157"}],"version-history":[{"count":0,"href":"https:\/\/pandc.10z.com.ar\/index.php?rest_route=\/wp\/v2\/posts\/5157\/revisions"}],"wp:attachment":[{"href":"https:\/\/pandc.10z.com.ar\/index.php?rest_route=%2Fwp%2Fv2%2Fmedia&parent=5157"}],"wp:term":[{"taxonomy":"category","embeddable":true,"href":"https:\/\/pandc.10z.com.ar\/index.php?rest_route=%2Fwp%2Fv2%2Fcategories&post=5157"},{"taxonomy":"post_tag","embeddable":true,"href":"https:\/\/pandc.10z.com.ar\/index.php?rest_route=%2Fwp%2Fv2%2Ftags&post=5157"}],"curies":[{"name":"wp","href":"https:\/\/api.w.org\/{rel}","templated":true}]}}