{"id":5154,"date":"2011-09-25T02:13:05","date_gmt":"2011-09-25T05:13:05","guid":{"rendered":"http:\/\/pandc.10z.com.ar\/?p=5154"},"modified":"2011-09-29T11:30:12","modified_gmt":"2011-09-29T14:30:12","slug":"djavan-%e2%80%93-aria-ao-vivo-2011","status":"publish","type":"post","link":"https:\/\/pandc.10z.com.ar\/?p=5154","title":{"rendered":"Djavan \u2013 \u00c1ria Ao Vivo (2011)"},"content":{"rendered":"<p style=\"text-align: center;\"><a href=\"https:\/\/pandc.10z.com.ar\/wp-content\/img\/ariavivofront.jpg\" target=\"_blank\"><img loading=\"lazy\" decoding=\"async\" class=\"aligncenter\" src=\"https:\/\/pandc.10z.com.ar\/wp-content\/img\/ariavivofront.jpg\" alt=\"\" width=\"400\" height=\"360\" \/><\/a><\/p>\n<p style=\"text-align: center;\"><a href=\"https:\/\/pandc.10z.com.ar\/wp-content\/img\/ariavivoinside2.jpg\" target=\"_blank\"><img loading=\"lazy\" decoding=\"async\" class=\"aligncenter\" src=\"https:\/\/pandc.10z.com.ar\/wp-content\/img\/ariavivoinside2.jpg\" alt=\"\" width=\"400\" height=\"260\" \/><\/a><\/p>\n<p style=\"text-align: center;\"><a href=\"https:\/\/pandc.10z.com.ar\/wp-content\/img\/ariavivoback.jpg\" target=\"_blank\"><img loading=\"lazy\" decoding=\"async\" class=\"aligncenter\" src=\"https:\/\/pandc.10z.com.ar\/wp-content\/img\/ariavivoback.jpg\" alt=\"\" width=\"400\" height=\"340\" \/><\/a><\/p>\n<p style=\"text-align: left;\">Conservando el mismo estilo jazz\u00edstico que caracteriz\u00f3 a la grabaci\u00f3n en estudio de <em>\u201cAria\u201d<\/em>, su versi\u00f3n en vivo, que acaba de editarse, mejora y aumenta a su antecesor.\u00a0 El disco fue grabado\u00a0 en el Grande Teatro do Pal\u00e1cio das Artes, en Belo Horizonte, en abril de este a\u00f1o, registrando un espect\u00e1culo que adem\u00e1s de girar por todo Brasil, hab\u00eda sido mostrado en Estados Unidos, Argentina, Uruguay, y otros pa\u00edses sudamericanos.<\/p>\n<p><strong>Djavan<\/strong> se pasea por un repertorio que alterna composiciones de otros autores (el material de <em>\u201cAria\u201d<\/em>, su primer disco s\u00f3lo como int\u00e9rprete) con cl\u00e1sicos propios que cobran nueva vida.\u00a0 Abre con<em> \u201cSeduzir\u201d<\/em>, y de inmediato ataca con<em> \u201cEu te devoro\u201d<\/em>, el \u00e9xito que abri\u00f3 su disco de 1998<em> \u201cBicho solto\u201d<\/em> para, entonces, llegar el primer tema de <em>\u201cAria\u201d: \u201cSabes mentir\u201d<\/em>, de Othon Russo.\u00a0 El primer corte del disco <em>(con videoclip que incluyo en el archivo)<\/em> es <em>\u201cLambada de serpente\u00bb<\/em>, que pertenece a su tercer disco, <em>\u201cAlumbramento\u201d<\/em>, de 1980.\u00a0 A partir de all\u00ed se concentra en los temas de su \u00faltimo disco y termina con una seguidilla arrebatadora de sus cl\u00e1sicos como<em> \u201cFlor de lis\u201d, \u201cLinha do Equador\u201d, \u201cSamurai\u201d, \u201cSina\u201d<\/em> y <em>\u201cLil\u00e1s\u201d<\/em>, todo con una audible participaci\u00f3n del auditorio.<\/p>\n<p><strong>Djavan<\/strong>, as\u00ed, revela las canciones que componen su memoria afectiva y que lo influenciaron, y las re\u00fane con sus propias composiciones inmortales. <strong>El resultado es fabuloso.<\/strong><\/p>\n<p><em><strong>M\u00fasicos:<\/strong><\/em><\/p>\n<p><strong>Djavan:<\/strong> guitarra, viol\u00f3n\u00a0 y voz<br \/>\n<strong>Torcuato Mariano:<\/strong> viol\u00f3n y guitarra<br \/>\n<strong>Andr\u00e9 Vasconcellos:<\/strong> bajo ac\u00fastico y el\u00e9ctrico<br \/>\n<strong>Marcos Suzano:<\/strong> percusi\u00f3n<\/p>\n<p>***<\/p>\n<p><a href=\"http:\/\/www.megaupload.com\/?d=LKCP979O\" target=\"_blank\"><strong>Aqu\u00ed<\/strong><\/a><\/p>\n<p><a href=\"http:\/\/www.megaupload.com\/?d=CALMYO42\" target=\"_blank\"><strong>Aqu\u00ed<\/strong><\/a><\/p>\n<p>***<\/p>\n","protected":false},"excerpt":{"rendered":"<p>Conservando el mismo estilo jazz\u00edstico que caracteriz\u00f3 a la grabaci\u00f3n en estudio de \u201cAria\u201d, su versi\u00f3n en vivo, que acaba de editarse, mejora y aumenta a su antecesor.\u00a0 El disco fue grabado\u00a0 en el Grande Teatro do Pal\u00e1cio das Artes, en Belo Horizonte, en abril de este a\u00f1o, registrando un espect\u00e1culo que adem\u00e1s de girar [&hellip;]<\/p>\n","protected":false},"author":5,"featured_media":0,"comment_status":"open","ping_status":"open","sticky":false,"template":"","format":"standard","meta":{"footnotes":""},"categories":[197],"tags":[12,46,41],"class_list":["post-5154","post","type-post","status-publish","format-standard","hentry","category-djavan","tag-brasil","tag-jazz-fusion","tag-pop"],"_links":{"self":[{"href":"https:\/\/pandc.10z.com.ar\/index.php?rest_route=\/wp\/v2\/posts\/5154","targetHints":{"allow":["GET"]}}],"collection":[{"href":"https:\/\/pandc.10z.com.ar\/index.php?rest_route=\/wp\/v2\/posts"}],"about":[{"href":"https:\/\/pandc.10z.com.ar\/index.php?rest_route=\/wp\/v2\/types\/post"}],"author":[{"embeddable":true,"href":"https:\/\/pandc.10z.com.ar\/index.php?rest_route=\/wp\/v2\/users\/5"}],"replies":[{"embeddable":true,"href":"https:\/\/pandc.10z.com.ar\/index.php?rest_route=%2Fwp%2Fv2%2Fcomments&post=5154"}],"version-history":[{"count":0,"href":"https:\/\/pandc.10z.com.ar\/index.php?rest_route=\/wp\/v2\/posts\/5154\/revisions"}],"wp:attachment":[{"href":"https:\/\/pandc.10z.com.ar\/index.php?rest_route=%2Fwp%2Fv2%2Fmedia&parent=5154"}],"wp:term":[{"taxonomy":"category","embeddable":true,"href":"https:\/\/pandc.10z.com.ar\/index.php?rest_route=%2Fwp%2Fv2%2Fcategories&post=5154"},{"taxonomy":"post_tag","embeddable":true,"href":"https:\/\/pandc.10z.com.ar\/index.php?rest_route=%2Fwp%2Fv2%2Ftags&post=5154"}],"curies":[{"name":"wp","href":"https:\/\/api.w.org\/{rel}","templated":true}]}}