{"id":5073,"date":"2011-07-15T12:25:20","date_gmt":"2011-07-15T15:25:20","guid":{"rendered":"http:\/\/pandc.10z.com.ar\/?p=5073"},"modified":"2011-09-08T12:25:40","modified_gmt":"2011-09-08T15:25:40","slug":"giorgio-gaber-il-signore-g-1970","status":"publish","type":"post","link":"https:\/\/pandc.10z.com.ar\/?p=5073","title":{"rendered":"Giorgio Gaber &#8211; Il Signore G (1970)"},"content":{"rendered":"<p style=\"text-align: center;\">\n<p style=\"text-align: center;\">\n<p style=\"text-align: center;\"><a href=\"https:\/\/pandc.10z.com.ar\/wp-content\/img\/signorfront.jpg\" target=\"_blank\"><img loading=\"lazy\" decoding=\"async\" class=\"aligncenter\" src=\"https:\/\/pandc.10z.com.ar\/wp-content\/img\/signorfront.jpg\" alt=\"\" width=\"400\" height=\"400\" \/><\/a><\/p>\n<p style=\"text-align: center;\"><a href=\"https:\/\/pandc.10z.com.ar\/wp-content\/img\/signorback.jpg\" target=\"_blank\"><img loading=\"lazy\" decoding=\"async\" class=\"aligncenter\" src=\"https:\/\/pandc.10z.com.ar\/wp-content\/img\/signorback.jpg\" alt=\"\" width=\"400\" height=\"400\" \/><\/a><\/p>\n<p style=\"text-align: center;\"><a href=\"https:\/\/pandc.10z.com.ar\/wp-content\/img\/signorinterior.jpg\" target=\"_blank\"><img loading=\"lazy\" decoding=\"async\" class=\"aligncenter\" src=\"https:\/\/pandc.10z.com.ar\/wp-content\/img\/signorinterior.jpg\" alt=\"\" width=\"400\" height=\"800\" \/><\/a><\/p>\n<p><strong>Giorgio Gaber<\/strong> naci\u00f3 en Mil\u00e1n,  Italia, en una familia de clase media. Su padre, Guido  Gaberscik, naci\u00f3  en Trieste, cuando la ciudad a\u00fan era parte del Imperio  Austro-Hungaro,  siendo de or\u00edgen esloveno.   Giorgio comenz\u00f3 a tocar la  guitarra como  m\u00e9todo de rehabilitaci\u00f3n de su mano, que precisaba una  moderada  actividad para recuperar su movilidad.  El m\u00e9todo fue bueno  tanto para  su salud como para el mundo de la m\u00fasica.<\/p>\n<p>Mas tarde, comenz\u00f3 a  frecuentar los c\u00edrculos artisticos de la avenida  Santa Tecla, de Milan,  compartiendo tiempo y m\u00fasica con personajes de  su tiempo como <strong>Luigi Tenco, Gianfranco Reverberi, Adriano Celentano <\/strong>y<strong> Mogol<\/strong>. Este \u00faltimo consigui\u00f3 un contrato para <strong>Gaber<\/strong> con el sello <em>Ricordi<\/em>, ingresando al grupo <em>The Rocky Mountains Old Time Stompers<\/em>, reemplazando a <strong>Tony Dallara<\/strong>.  <strong>Luigi Tenco y Giorgio Gaber<\/strong> comenzaron entonces a componer juntos y a hacerse amigos. De hecho, en 1958 realizaron una gira por Alemania junto a <strong>Celentano, Enzo Jannaci, Paolo Tomelleri <\/strong>y<strong> Gianfranco Reverberi.  Gaber<\/strong> comenz\u00f3 luego un d\u00fao con <strong>Enzo Jannaci<\/strong> (\u201cI due corsari\u201d), grabando varios singles para <em>Ricordi<\/em>, hasta que finalmente graban su primer LP  en 1960, y como solista particip\u00f3 en cuatro ediciones del Festival de Sanremo: con <em>\u00abBenzina e cerini\u00bb<\/em> en 1961, <em>\u00abCos\u00ec felice\u00bb<\/em> en 1964, <em>\u00abMai, Mai, Mai Valentina\u00bb<\/em> en 1966 y <em>\u00ab&#8230;E allora dai\u00bb <\/em>en 1967.<\/p>\n<p>Su primer gran \u00e9xito fue el single <em>\u00abNon arrosire\u00bb<\/em>(#9 en clasificaciones) en 1960, seguido por otro single, <em>\u00abLa Ballata del Cerutti\u00bb<\/em> (#8 en clasificaciones) siempre en 1960; les sigue en 1961 su primer LP<em> \u00abGiorgio Gaber\u00bb<\/em> con nuevas versiones de<em> \u00abUna fetta di limone\u00bb, \u00abBuonanotte tesoro\u00bb y \u00abBenzina e cerini\u00bb<\/em>. Por primera vez interpreta <em>\u00abUna fetta di limone\u00bb <\/em>en solitario.<\/p>\n<p>En 1970 hace la presentaci\u00f3n en el Piccolo Teatro del espect\u00e1culo <em>\u201cIl Signor G\u201d<\/em>,   que luego repiti\u00f3 en diversas ciudades italianas.  Obviamente, como   resultado de ello es que aparece su primer disco LP en solitario, que   aqu\u00ed presentamos.  El \u00e1lbum doble fue registrado en vivo en los estudios   Regson de Milan el 6 e octubre de 1970, un trabajo en el que se  refleja  todav\u00eda el mundo de fines de la d\u00e9cada de 1960 en Italia: se  cantaba la  crisis de la dominaci\u00f3n pol\u00edtica y la  de los valores  tradicionales.  <em>\u00abIl Signor G.\u00bb<\/em> es fundamental en su obra, el punto de partida para delinear la  problem\u00e1tica de los siguientes trabajos.<\/p>\n<p><strong>Giorgio Gaber<\/strong> muri\u00f3, luego de una larga enfermedad, el 1 de enero de 2003 en su casa de Montemagno, en la Toscana.<\/p>\n<p>Tracklist:<\/p>\n<p>01. Prologo: Suona chitarra<br \/>\n02. Prima ricorrenza: Il signor G nasce<br \/>\n03. Giuoco di bambini: Io mi chiamo G (prosa)<br \/>\n04. Eppure sembra un uomo<br \/>\n05. Una storia normale: Il signor G e l&#8217;amore<br \/>\n06. G accusa (prosa)<br \/>\n07. Il signor G dalla parte di chi<br \/>\n08. Il signor G sul ponte<br \/>\n09. L&#8217;orgia: ore 22 secondo canale (prosa)<br \/>\n10. Le nostre serate<br \/>\n11. Com&#8217;\u00e8 bella la citt\ufffd<br \/>\n12. Il signor G incontra un albero (prosa)<br \/>\n13. Vola, vola: Il signor G e le stagioni<br \/>\n14. Preghiera (prosa)<br \/>\n15. Io credo: Autoritratto di G<br \/>\n16. Maria Giovanna<br \/>\n17. Seconda ricorrenza: Il signor G muore<\/p>\n<p>***<\/p>\n<p><a href=\"http:\/\/www.megaupload.com\/?d=RFH9PAV8\"><strong>Aqu\u00ed<\/strong><\/a><\/p>\n<p>***<\/p>\n","protected":false},"excerpt":{"rendered":"<p>Giorgio Gaber naci\u00f3 en Mil\u00e1n, Italia, en una familia de clase media. Su padre, Guido Gaberscik, naci\u00f3 en Trieste, cuando la ciudad a\u00fan era parte del Imperio Austro-Hungaro, siendo de or\u00edgen esloveno. Giorgio comenz\u00f3 a tocar la guitarra como m\u00e9todo de rehabilitaci\u00f3n de su mano, que precisaba una moderada actividad para recuperar su movilidad. El [&hellip;]<\/p>\n","protected":false},"author":5,"featured_media":0,"comment_status":"open","ping_status":"open","sticky":false,"template":"","format":"standard","meta":{"footnotes":""},"categories":[509],"tags":[3,46,41],"class_list":["post-5073","post","type-post","status-publish","format-standard","hentry","category-giorgio-gaber","tag-italia","tag-jazz-fusion","tag-pop"],"_links":{"self":[{"href":"https:\/\/pandc.10z.com.ar\/index.php?rest_route=\/wp\/v2\/posts\/5073","targetHints":{"allow":["GET"]}}],"collection":[{"href":"https:\/\/pandc.10z.com.ar\/index.php?rest_route=\/wp\/v2\/posts"}],"about":[{"href":"https:\/\/pandc.10z.com.ar\/index.php?rest_route=\/wp\/v2\/types\/post"}],"author":[{"embeddable":true,"href":"https:\/\/pandc.10z.com.ar\/index.php?rest_route=\/wp\/v2\/users\/5"}],"replies":[{"embeddable":true,"href":"https:\/\/pandc.10z.com.ar\/index.php?rest_route=%2Fwp%2Fv2%2Fcomments&post=5073"}],"version-history":[{"count":0,"href":"https:\/\/pandc.10z.com.ar\/index.php?rest_route=\/wp\/v2\/posts\/5073\/revisions"}],"wp:attachment":[{"href":"https:\/\/pandc.10z.com.ar\/index.php?rest_route=%2Fwp%2Fv2%2Fmedia&parent=5073"}],"wp:term":[{"taxonomy":"category","embeddable":true,"href":"https:\/\/pandc.10z.com.ar\/index.php?rest_route=%2Fwp%2Fv2%2Fcategories&post=5073"},{"taxonomy":"post_tag","embeddable":true,"href":"https:\/\/pandc.10z.com.ar\/index.php?rest_route=%2Fwp%2Fv2%2Ftags&post=5073"}],"curies":[{"name":"wp","href":"https:\/\/api.w.org\/{rel}","templated":true}]}}