{"id":5039,"date":"2011-08-03T11:52:12","date_gmt":"2011-08-03T14:52:12","guid":{"rendered":"http:\/\/pandc.10z.com.ar\/?p=5039"},"modified":"2011-09-08T11:52:39","modified_gmt":"2011-09-08T14:52:39","slug":"raul-barboza-horacio-castillo-invierno-en-paris-2009","status":"publish","type":"post","link":"https:\/\/pandc.10z.com.ar\/?p=5039","title":{"rendered":"Ra\u00fal Barboza \/ Horacio Castillo &#8211; Invierno en Par\u00eds (2009)"},"content":{"rendered":"<p style=\"text-align: center;\"><a href=\"https:\/\/pandc.10z.com.ar\/wp-content\/img\/inviernoparisfront.jpg\" target=\"_blank\"><img loading=\"lazy\" decoding=\"async\" class=\"aligncenter\" src=\"https:\/\/pandc.10z.com.ar\/wp-content\/img\/inviernoparisfront.jpg\" alt=\"\" width=\"400\" height=\"400\" \/><\/a><\/p>\n<p style=\"text-align: center;\"><a href=\"https:\/\/pandc.10z.com.ar\/wp-content\/img\/inviernoparisback.jpg\" target=\"_blank\"><img loading=\"lazy\" decoding=\"async\" class=\"aligncenter\" src=\"https:\/\/pandc.10z.com.ar\/wp-content\/img\/inviernoparisback.jpg\" alt=\"\" width=\"400\" height=\"400\" \/><\/a><\/p>\n<p style=\"text-align: center;\"><a href=\"https:\/\/pandc.10z.com.ar\/wp-content\/img\/inviernoparisinside1.jpg\" target=\"_blank\"><img loading=\"lazy\" decoding=\"async\" class=\"aligncenter\" src=\"https:\/\/pandc.10z.com.ar\/wp-content\/img\/inviernoparisinside1.jpg\" alt=\"\" width=\"400\" height=\"400\" \/><\/a><\/p>\n<p>El genial acordeonista argentino <strong>Ra\u00fal Barboza<\/strong> ofrece en su disco <em>\u201cInvierno en Par\u00eds\u201d<\/em> un repertorio que grab\u00f3 a d\u00fao con el fallecido guitarrista <strong>Horacio Castillo<\/strong> en la capital francesa, en la que vive.<\/p>\n<p>El  disco comienza y termina con dos versiones distintas del tema que  da  t\u00edtulo al \u00e1lbum, la primera m\u00e1s melanc\u00f3lica, inspirada en la dureza  de  los inviernos en Europa, y la segunda m\u00e1s alegre, con m\u00e1s color,   asegura el artista que export\u00f3 a Francia la m\u00fasica <em>chamam\u00e9<\/em>, folclore musical de Corrientes, la provincia argentina de sus padres.  <em>\u201cInvierno en Par\u00eds\u201d<\/em> se grab\u00f3 en un s\u00f3lo d\u00eda, gracias al entendimiento musical entre <strong>Barboza y Castillo<\/strong>.   Juntos iban a realizar una gira para presentar el disco en Argentina,   y  aunque la misma se realiz\u00f3, Ra\u00fal decidi\u00f3 no reemplazar al  guitarrista y  se acompa\u00f1\u00f3 solamente con el percusionista <em>Cacho Bernal<\/em>.<\/p>\n<p>En cuanto al tracklist, quiero destacar un par de detalles. <em>\u201cL\u00e1grimas de Curuz\u00fa\u201d<\/em>, compuesta por el padre de Ra\u00fal, <em>Adolfo Barboza<\/em>,   y dedicada a la ciudad correntina de Curuz\u00fa  Cuati\u00e1.  Hay dos temas   vinculados con Brasil, dado que la provincia argentina de Corrientes   limita al este con ese pa\u00eds, y su cultura est\u00e1 muy comunicada: de ah\u00ed el   <em>\u201cBrasilereando\u201d<\/em> y el tema de homenaje al m\u00fasico brasile\u00f1o<strong> Luiz Gonzaga<\/strong>, que inclu\u00eda chamam\u00e9 en su repertorio.  Es para subrayar la emocionante y estremecedora versi\u00f3n de <em>\u201cAdi\u00f3s Nonino\u201d<\/em>, de <strong>Astor Piazzolla<\/strong>\u2026 es la primera vez que <strong>Barboza<\/strong> graba un tango en sus discos, y no es casualidad que sea esta obra maestra de <strong>Astor<\/strong>. Cuando hace casi 25 a\u00f1os <strong>Barboza <\/strong>emigr\u00f3   a Francia buscando vivir de su arte, s\u00f3lo llevaba en sus bolsillos una   carta de recomendaci\u00f3n del bandoneonista. Eso le abri\u00f3 las puertas a  su  exitos\u00edsima carrera en Francia y desde all\u00ed al resto del Mundo.<\/p>\n<p>Un disco imperdible, que \u2013caprichos de la industria discogr\u00e1fica- injustamente nunca fue editado en Argentina\u2026<\/p>\n<p>***<\/p>\n<p><a href=\"http:\/\/www.megaupload.com\/?d=BOLBXMQS\"><strong>Aqu\u00ed<\/strong><\/a><\/p>\n<p><a href=\"http:\/\/www.megaupload.com\/?d=A2PJLMCW\"><strong>Aqu\u00ed<\/strong><\/a><\/p>\n<p>***<\/p>\n","protected":false},"excerpt":{"rendered":"<p>El genial acordeonista argentino Ra\u00fal Barboza ofrece en su disco \u201cInvierno en Par\u00eds\u201d un repertorio que grab\u00f3 a d\u00fao con el fallecido guitarrista Horacio Castillo en la capital francesa, en la que vive. El disco comienza y termina con dos versiones distintas del tema que da t\u00edtulo al \u00e1lbum, la primera m\u00e1s melanc\u00f3lica, inspirada en [&hellip;]<\/p>\n","protected":false},"author":5,"featured_media":0,"comment_status":"open","ping_status":"open","sticky":false,"template":"","format":"standard","meta":{"footnotes":""},"categories":[65],"tags":[389,64,159,23],"class_list":["post-5039","post","type-post","status-publish","format-standard","hentry","category-raul-barboza","tag-argentina","tag-folklore-argentino","tag-instrumental","tag-latino"],"_links":{"self":[{"href":"https:\/\/pandc.10z.com.ar\/index.php?rest_route=\/wp\/v2\/posts\/5039","targetHints":{"allow":["GET"]}}],"collection":[{"href":"https:\/\/pandc.10z.com.ar\/index.php?rest_route=\/wp\/v2\/posts"}],"about":[{"href":"https:\/\/pandc.10z.com.ar\/index.php?rest_route=\/wp\/v2\/types\/post"}],"author":[{"embeddable":true,"href":"https:\/\/pandc.10z.com.ar\/index.php?rest_route=\/wp\/v2\/users\/5"}],"replies":[{"embeddable":true,"href":"https:\/\/pandc.10z.com.ar\/index.php?rest_route=%2Fwp%2Fv2%2Fcomments&post=5039"}],"version-history":[{"count":0,"href":"https:\/\/pandc.10z.com.ar\/index.php?rest_route=\/wp\/v2\/posts\/5039\/revisions"}],"wp:attachment":[{"href":"https:\/\/pandc.10z.com.ar\/index.php?rest_route=%2Fwp%2Fv2%2Fmedia&parent=5039"}],"wp:term":[{"taxonomy":"category","embeddable":true,"href":"https:\/\/pandc.10z.com.ar\/index.php?rest_route=%2Fwp%2Fv2%2Fcategories&post=5039"},{"taxonomy":"post_tag","embeddable":true,"href":"https:\/\/pandc.10z.com.ar\/index.php?rest_route=%2Fwp%2Fv2%2Ftags&post=5039"}],"curies":[{"name":"wp","href":"https:\/\/api.w.org\/{rel}","templated":true}]}}