{"id":5035,"date":"2018-12-02T02:05:04","date_gmt":"2018-12-02T05:05:04","guid":{"rendered":"http:\/\/pandc.10z.com.ar\/?p=5035"},"modified":"2018-12-02T20:14:50","modified_gmt":"2018-12-02T23:14:50","slug":"astor-piazzolla-y-su-quinteto-nuevo-tango-%e2%80%93-tango-para-una-ciudad-1963","status":"publish","type":"post","link":"https:\/\/pandc.10z.com.ar\/?p=5035","title":{"rendered":"Astor Piazzolla y su Quinteto Nuevo Tango \u2013 Tango Para Una Ciudad (1963)"},"content":{"rendered":"<p style=\"text-align: center;\"><a href=\"https:\/\/pandc.10z.com.ar\/wp-content\/img\/aptangociudadfront.jpg\" target=\"_blank\"><img loading=\"lazy\" decoding=\"async\" class=\"aligncenter\" src=\"https:\/\/pandc.10z.com.ar\/wp-content\/img\/aptangociudadfront.jpg\" alt=\"\" width=\"400\" height=\"400\" \/><\/a><\/p>\n<p style=\"text-align: center;\"><a href=\"https:\/\/pandc.10z.com.ar\/wp-content\/img\/aptangociudadback.jpg\" target=\"_blank\"><img loading=\"lazy\" decoding=\"async\" class=\"aligncenter\" src=\"https:\/\/pandc.10z.com.ar\/wp-content\/img\/aptangociudadback.jpg\" alt=\"\" width=\"400\" height=\"400\" \/><\/a><\/p>\n<p><strong>Astor Piazzolla <\/strong>graba este disco entre el 25 de marzo y el 8 de abril de 1963 con la misma formaci\u00f3n que el anterior trabajo, <em>\u201cNuestro Tiempo\u201d<\/em>,   pero esta vez el sonido de su m\u00fasica est\u00e1 muy vinculado con el jazz.   Eso se nota especialmente en las dos partes del tema que da t\u00edtulo al   \u00e1lbum, lo mismo que en <em>\u201cIracundo\u201d<\/em>.<\/p>\n<p>Todos los temas le pertenecen, a excepci\u00f3n de los tangos cantados: dos cl\u00e1sicos como <em>\u201cCafet\u00edn de Bueno s Aires\u201d<\/em>, de <em>Mariano Mores y Enrique Santos Disc\u00e9polo<\/em> , y <em>\u201cMaquillaje\u201d<\/em>, de <em>Homero y Virgilio Exp\u00f3sito<\/em>.  En <em>\u201cEl mundo de los dos\u201d<\/em>, la letra es de <em>Albino Gomez<\/em>.  Quiero destacar la versi\u00f3n de<em> \u00abBuenos Aires hora cero\u00bb<\/em> y un tango luego poco frecuentado de su discograf\u00eda: <em>\u00abFracanapa\u00bb<\/em>, con un ritmo sincopado y una sobresaliente participaci\u00f3n del viol\u00edn de Agri que -creo- es una verdadera obra maestra.<\/p>\n<p><em><strong>M\u00fasicos:<\/strong><\/em><\/p>\n<p>Astor Piazzolla: bandone\u00f3n, arreglos, direcci\u00f3n<br \/>\nAntonio Agri: viol\u00edn<br \/>\nOsvaldo Manzi: piano<br \/>\nKicho D\u00edaz: contrabajo<br \/>\nOscar L\u00f3pez Ruiz: guitarra el\u00e9ctrica<br \/>\nH\u00e9ctor de Rosas: voz<\/p>\n<p>***<\/p>\n<p><a href=\"https:\/\/yadi.sk\/d\/NfWBKdCWnuf08A\" target=\"_blank\"><strong>Download<\/strong><\/a><\/p>\n<p>***<\/p>\n","protected":false},"excerpt":{"rendered":"<p>Astor Piazzolla graba este disco entre el 25 de marzo y el 8 de abril de 1963 con la misma formaci\u00f3n que el anterior trabajo, \u201cNuestro Tiempo\u201d, pero esta vez el sonido de su m\u00fasica est\u00e1 muy vinculado con el jazz. Eso se nota especialmente en las dos partes del tema que da t\u00edtulo al [&hellip;]<\/p>\n","protected":false},"author":5,"featured_media":0,"comment_status":"open","ping_status":"open","sticky":false,"template":"","format":"standard","meta":{"footnotes":""},"categories":[31],"tags":[389,15],"class_list":["post-5035","post","type-post","status-publish","format-standard","hentry","category-astor-piazzolla","tag-argentina","tag-tango"],"_links":{"self":[{"href":"https:\/\/pandc.10z.com.ar\/index.php?rest_route=\/wp\/v2\/posts\/5035","targetHints":{"allow":["GET"]}}],"collection":[{"href":"https:\/\/pandc.10z.com.ar\/index.php?rest_route=\/wp\/v2\/posts"}],"about":[{"href":"https:\/\/pandc.10z.com.ar\/index.php?rest_route=\/wp\/v2\/types\/post"}],"author":[{"embeddable":true,"href":"https:\/\/pandc.10z.com.ar\/index.php?rest_route=\/wp\/v2\/users\/5"}],"replies":[{"embeddable":true,"href":"https:\/\/pandc.10z.com.ar\/index.php?rest_route=%2Fwp%2Fv2%2Fcomments&post=5035"}],"version-history":[{"count":0,"href":"https:\/\/pandc.10z.com.ar\/index.php?rest_route=\/wp\/v2\/posts\/5035\/revisions"}],"wp:attachment":[{"href":"https:\/\/pandc.10z.com.ar\/index.php?rest_route=%2Fwp%2Fv2%2Fmedia&parent=5035"}],"wp:term":[{"taxonomy":"category","embeddable":true,"href":"https:\/\/pandc.10z.com.ar\/index.php?rest_route=%2Fwp%2Fv2%2Fcategories&post=5035"},{"taxonomy":"post_tag","embeddable":true,"href":"https:\/\/pandc.10z.com.ar\/index.php?rest_route=%2Fwp%2Fv2%2Ftags&post=5035"}],"curies":[{"name":"wp","href":"https:\/\/api.w.org\/{rel}","templated":true}]}}