{"id":5026,"date":"2011-08-10T11:38:57","date_gmt":"2011-08-10T14:38:57","guid":{"rendered":"http:\/\/pandc.10z.com.ar\/?p=5026"},"modified":"2011-09-08T11:39:19","modified_gmt":"2011-09-08T14:39:19","slug":"bernardo-baraj-quinteto-almita-1995","status":"publish","type":"post","link":"https:\/\/pandc.10z.com.ar\/?p=5026","title":{"rendered":"Bernardo Baraj Quinteto &#8211; Almita (1995)"},"content":{"rendered":"<p style=\"text-align: center;\"><a href=\"https:\/\/pandc.10z.com.ar\/wp-content\/img\/almitafront.jpg\" target=\"_blank\"><img loading=\"lazy\" decoding=\"async\" class=\"aligncenter\" src=\"https:\/\/pandc.10z.com.ar\/wp-content\/img\/almitafront.jpg\" alt=\"\" width=\"400\" height=\"400\" \/><\/a><\/p>\n<p style=\"text-align: center;\"><a href=\"https:\/\/pandc.10z.com.ar\/wp-content\/img\/almitaback.jpg\" target=\"_blank\"><img loading=\"lazy\" decoding=\"async\" class=\"aligncenter\" src=\"https:\/\/pandc.10z.com.ar\/wp-content\/img\/almitaback.jpg\" alt=\"\" width=\"400\" height=\"399\" \/><\/a><\/p>\n<p><strong>Bernardo Baraj<\/strong> es el mejor  saxofonista de la Argentina. Fue uno de los m\u00fasicos  estables de la  m\u00edtica Cueva de Pueyrredon, (lugar donde se gest\u00f3 el  movimiento de rock  argentino) y fue <strong>Sandro<\/strong>, quien le propone  formar parte de su  banda y as\u00ed comparten cuatro a\u00f1os de intensa  actividad, viajando en  giras por todo el pa\u00eds, participando tambi\u00e9n en  numerosas grabaciones.<\/p>\n<p>Influenciado por el lenguaje de <strong>John Coltrane<\/strong>, incorpora a su instrumental el saxo soprano, poco usado por los m\u00fasicos de la \u00e9poca, y forma junto al trompetista <em>Gustavo Bergalli<\/em>, el bajista <em>Adalberto Cevasco<\/em> y el baterista <em>Nestor Astarita<\/em> el Cuarteto Buenos Aires, primer grupo de free jazz que produce una verdadera sorpresa en el ambiente local.<\/p>\n<p>Forma junto a <strong>Litto Nebbia<\/strong> el grupo <em>Cuarteto Contempor\u00e1neo del Sur<\/em>. En el 78 es convocado por <strong>Luis Alberto Spinetta<\/strong> para formar parte de su primer proyecto solista, la <em>Banda Spinetta<\/em>, con quien comparte un a\u00f1o de creativa actividad. Un a\u00f1o despu\u00e9s forma el grupo La Banda junto a <em>Rub\u00e9n Rada y Jorge Navarro<\/em>.<\/p>\n<p>Integra el grupo del bandoneon\u00edsta <strong>Dino Saluzzi<\/strong>, toca en la <em>Orquesta Estable del Teatro Colon<\/em>, y en 1985 forma el <strong>Tr\u00edo Vitale-Baraj-Gonz\u00e1lez<\/strong>, un referente inevitable de la m\u00fasica popular argentina.<\/p>\n<p>En  el \u201880 forma su propio quinteto con el que graba tres CDs ,  alternando  esta actividad con otras formaciones, siendo el que hoy  presentamos el  segundo de ellos, editado en 1995.  El disco fue  producido por <strong>Litto Nebbia<\/strong> y grabado en Buenos Aires entre 1994 y 1995, y re\u00fane composiciones propias, de inspiraci\u00f3n jazz\u00edstica (<em>\u201cAlmita\u201d, \u201cRap\u00fablica 123\u201d, \u201cObsesi\u00f3n\u201d <\/em>o<em> \u201cRe-cordis\u201d<\/em>) con un repertorio que re\u00fane al tango (<em>\u201cTu\u201d<\/em>), el folklore argentnino (<em>\u201cPan de Dios\u2026\u201d, \u201cBatallando con la arena\u201d<\/em>), y hasta cl\u00e1sicos de la m\u00fasica latinoamericana <em>\u201cRecuerdos de Ypacara\u00ed\u201d<\/em> , o el bolero <em>\u201cSolamente una vez\u201d <\/em>magistralmente ensamblado con <em>\u201cAmor en paz\u201d<\/em>, de <strong>Antonio Carlos Jobim.<br \/>\n<\/strong><br \/>\n<strong>Un verdadero discazo<\/strong>, absolutamente fuera de cat\u00e1logo (sinrazones de las discogr\u00e1ficas&#8230;).<\/p>\n<p><em><strong>M\u00fasicos:<\/strong><\/em><\/p>\n<p>Bernardo Baraj: Saxo tenor, saxo soprano, flauta<br \/>\nGustavo Llamgot: piano, teclados, coros<br \/>\nMiguel Cuchietti: bajo el\u00e9ctrico<br \/>\nMarcelo Baraj: bater\u00eda, coros<br \/>\nMariana Baraj: canto y percusi\u00f3n<\/p>\n<p><em><strong><br \/>\nInvitados:<\/strong><\/em><\/p>\n<p>Litto Nebbia: teclados, guitarra y arreglos en \u201cSolamente una vez\u201d<br \/>\nDomingo Cura: bombos y platos en \u201cZamba enamorada\u201d<br \/>\nFernando Galimani: contrabajo en \u201cZamba enamorada\u201d, \u201cLos presos de Bragado\u201d y \u201cRe-Cordis\u201d<\/p>\n<p><em><strong>Tracklist:<\/strong><\/em><\/p>\n<p>01. Solamente una vez \/ Amor en paz<br \/>\n<em>(Agust\u00edn Lara) ( Antonio Carlos Jobim)<\/em><br \/>\n02. Almita (A mi nieta Alma)<br \/>\n<em>(Bernardo Baraj)<\/em><br \/>\n03. Republica 123<br \/>\n<em>(Bernardo Baraj)<\/em><br \/>\n04. Zamba enamorada<br \/>\n<em>(Bernardo Baraj)<\/em><br \/>\n05. Recuerdos de Ypacara\u00ed<br \/>\n<em>(Z.de Mirkin y Demetrio Ortiz)<\/em><br \/>\n06. Batallando con la arena<br \/>\n<em>(recopilaci\u00f3n de Leda Valladares)<\/em><br \/>\n07. Obsesi\u00f3n<br \/>\n<em>(Bernardo Baraj)<\/em><br \/>\n08. Pan de Dios&#8230; Jam\u00f3n del Diablo<br \/>\n<em>(Gustavo Liamgot)<\/em><br \/>\n09. Los presos de Bragado<br \/>\n<em>(Bernardo Baraj)<\/em><br \/>\n10. Tu<br \/>\n<em>(Jos\u00e9 Dames)<\/em><br \/>\n11. Re-Cordis<br \/>\n<em>(Bernardo Baraj)<\/em><br \/>\n12. Canci\u00f3n de libertad<br \/>\n<em>(Gustavo Liamgot)<\/em><\/p>\n<p>***<\/p>\n<p><a href=\"http:\/\/www.megaupload.com\/?d=W34IBIG8\"><strong>Aqu\u00ed<\/strong><\/a><\/p>\n<p><a href=\"http:\/\/www.megaupload.com\/?d=2VTES8P7\"><strong>Aqu\u00ed<\/strong><\/a><\/p>\n<p>***<\/p>\n","protected":false},"excerpt":{"rendered":"<p>Bernardo Baraj es el mejor saxofonista de la Argentina. Fue uno de los m\u00fasicos estables de la m\u00edtica Cueva de Pueyrredon, (lugar donde se gest\u00f3 el movimiento de rock argentino) y fue Sandro, quien le propone formar parte de su banda y as\u00ed comparten cuatro a\u00f1os de intensa actividad, viajando en giras por todo el [&hellip;]<\/p>\n","protected":false},"author":5,"featured_media":0,"comment_status":"open","ping_status":"open","sticky":false,"template":"","format":"standard","meta":{"footnotes":""},"categories":[382],"tags":[389,64,26,46,23,15],"class_list":["post-5026","post","type-post","status-publish","format-standard","hentry","category-bernardo-baraj","tag-argentina","tag-folklore-argentino","tag-jazz","tag-jazz-fusion","tag-latino","tag-tango"],"_links":{"self":[{"href":"https:\/\/pandc.10z.com.ar\/index.php?rest_route=\/wp\/v2\/posts\/5026","targetHints":{"allow":["GET"]}}],"collection":[{"href":"https:\/\/pandc.10z.com.ar\/index.php?rest_route=\/wp\/v2\/posts"}],"about":[{"href":"https:\/\/pandc.10z.com.ar\/index.php?rest_route=\/wp\/v2\/types\/post"}],"author":[{"embeddable":true,"href":"https:\/\/pandc.10z.com.ar\/index.php?rest_route=\/wp\/v2\/users\/5"}],"replies":[{"embeddable":true,"href":"https:\/\/pandc.10z.com.ar\/index.php?rest_route=%2Fwp%2Fv2%2Fcomments&post=5026"}],"version-history":[{"count":0,"href":"https:\/\/pandc.10z.com.ar\/index.php?rest_route=\/wp\/v2\/posts\/5026\/revisions"}],"wp:attachment":[{"href":"https:\/\/pandc.10z.com.ar\/index.php?rest_route=%2Fwp%2Fv2%2Fmedia&parent=5026"}],"wp:term":[{"taxonomy":"category","embeddable":true,"href":"https:\/\/pandc.10z.com.ar\/index.php?rest_route=%2Fwp%2Fv2%2Fcategories&post=5026"},{"taxonomy":"post_tag","embeddable":true,"href":"https:\/\/pandc.10z.com.ar\/index.php?rest_route=%2Fwp%2Fv2%2Ftags&post=5026"}],"curies":[{"name":"wp","href":"https:\/\/api.w.org\/{rel}","templated":true}]}}