{"id":5020,"date":"2011-08-17T05:54:38","date_gmt":"2011-08-17T08:54:38","guid":{"rendered":"http:\/\/pandc.10z.com.ar\/?p=5020"},"modified":"2011-09-08T05:54:56","modified_gmt":"2011-09-08T08:54:56","slug":"elba-ramalho-balaio-de-amor-2009","status":"publish","type":"post","link":"https:\/\/pandc.10z.com.ar\/?p=5020","title":{"rendered":"Elba Ramalho &#8211; Balaio de Amor (2009)"},"content":{"rendered":"<p style=\"text-align: center;\"><a href=\"https:\/\/pandc.10z.com.ar\/wp-content\/img\/elbafront.jpg\" target=\"_blank\"><img loading=\"lazy\" decoding=\"async\" class=\"aligncenter\" src=\"https:\/\/pandc.10z.com.ar\/wp-content\/img\/elbafront.jpg\" alt=\"\" width=\"400\" height=\"400\" \/><\/a><\/p>\n<p style=\"text-align: center;\"><a href=\"https:\/\/pandc.10z.com.ar\/wp-content\/img\/elbaback.jpg\" target=\"_blank\"><img loading=\"lazy\" decoding=\"async\" class=\"aligncenter\" src=\"https:\/\/pandc.10z.com.ar\/wp-content\/img\/elbaback.jpg\" alt=\"\" width=\"400\" height=\"330\" \/><\/a><\/p>\n<p style=\"text-align: left;\"><strong>Elba Maria Nunes Ramalho<\/strong>, cantante y actriz brasile\u00f1a, naci\u00f3 en Concei\u00e7\u00e3o da Para\u00edba el 17 de agosto de 1951, hace hoy exactamente 60 a\u00f1os.\u00a0\u00a0 Su primera experiencia musical fue en 1968, tocando bater\u00eda en un conjunto s\u00f3lo formado por mujeres llamado \u201cAs Brasas\u201d. Posteriormente el grupo se desarm\u00f3 y Elba continu\u00f3 su carrera cantanto y actuando en festivales del nordeste de Brasil, hasta que en 1979 lanza su primer disco como solista: <em>\u00abAve de Prata\u00bb<\/em>.\u00a0 En 2009 festej\u00f3 sus 30 a\u00f1os de carrera con mas de 6 millones de discos vendidos, editando \u00e9ste, su (hasta hoy) \u00faltimo \u00e1lbum de estudio, ganador del Grammy Latino en la categor\u00eda <em>\u201cMejor Album de Raices Brasile\u00f1as\u201d.<\/em><\/p>\n<p><strong>Elba<\/strong> es una de las principales cultoras y difusoras de la m\u00fasica t\u00edpica del Brasil nordestino, y de eso se trata tambi\u00e9n este disco, con r\u00edtmos t\u00edpicos como el xote, forr\u00f3, bai\u00f3n y choro, entre\u00a0 otros. Para que el resultado fuese excelente, eligi\u00f3\u00a0 a los mejores compositores de esos estilos:\u00a0 Dominguinhos, Chico Bezerra, Acioly Neto , Maciel Melo, Rog\u00e9rio Rangel, Petrucio Maia, Antonio Barrosm,\u00a0 Cec\u00e9u, Terezinha do Acordeon, Flavio Leandro y el acordeonista Cezinha, quien produjo el disco junto con Elba.\u00a0 Todos ellos son parte de la nueva generaci\u00f3n de compositores de estos g\u00e9neros consagrados por el Maestro Luiz Gonzaga.\u00a0 En el tema que abre el disco, comparte la interpretaci\u00f3n con Cezinha. Dominguinhos tambi\u00e9n divide con ella ese mismo track. Durante todo el disco, la profunda voz de Elba Ramalho nos lleva de viaje a un espacio cultural y musicalmente poco explorado de Brasil. No se van a arrepentir.<\/p>\n<p><em><strong>Tracklist:<\/strong><\/em><\/p>\n<p>01. Fuxico<br \/>\n<em>(Fl\u00e1vio Leandro)<\/em><br \/>\n02. Um bai\u00e2o chamado saudade<br \/>\n<em>(Petr\u00facio Amorim &#8211; Rog\u00e9rio Rangel)<\/em><br \/>\n03. Riso Cristalino<br \/>\n<em>(Dominguinhos &#8211; Clim\u00e9rio Oliveira)<\/em><br \/>\n04. N\u00e2o lhe solto mais<br \/>\n<em>(Antonio Barros &#8211; Ceceu)<\/em><br \/>\n05. Me d\u00e1 meu cora\u00e7\u00e2o<br \/>\n<em>(Accioly Neto)<\/em><br \/>\n06. Oferendar<br \/>\n<em>(Xico Bezerra &#8211; Fl\u00e1vio Leandro)<\/em><br \/>\n07. E s\u00f3 voc\u00ea queer<br \/>\n<em>(Nando Cordel)<\/em><br \/>\n08. Recado<br \/>\n<em>(Cecinha &#8211; F\u00e1bio Simoes)<\/em><br \/>\n09. D&#8217;estar<br \/>\n<em>(Eliezer Setton)<\/em><br \/>\n10. Ilus\u00e2o nada mais<br \/>\n<em>(Dominguinhos &#8211; Fausto Nilo)<\/em><br \/>\n11. Se tu quiser<br \/>\n<em>(Xico Bezerra)<\/em><br \/>\n12. Seu aconchego<br \/>\n<em>(Terezinha do Acordeon &#8211; J\u00fanior Vieira)<\/em><br \/>\n13. Bebedouro<br \/>\n<em>(Maciel Melo &#8211; Anchieta Dali)<\/em><br \/>\n14. Quem \u00e9 voc\u00ea?<br \/>\n<em>(Jorge de Altinho)<\/em><\/p>\n<p>***<\/p>\n<p><a href=\"http:\/\/www.megaupload.com\/?d=NYZAY1LK\"><strong>Aqu\u00ed<\/strong><\/a><\/p>\n<p>***<\/p>\n","protected":false},"excerpt":{"rendered":"<p>Elba Maria Nunes Ramalho, cantante y actriz brasile\u00f1a, naci\u00f3 en Concei\u00e7\u00e3o da Para\u00edba el 17 de agosto de 1951, hace hoy exactamente 60 a\u00f1os.\u00a0\u00a0 Su primera experiencia musical fue en 1968, tocando bater\u00eda en un conjunto s\u00f3lo formado por mujeres llamado \u201cAs Brasas\u201d. Posteriormente el grupo se desarm\u00f3 y Elba continu\u00f3 su carrera cantanto y [&hellip;]<\/p>\n","protected":false},"author":5,"featured_media":0,"comment_status":"open","ping_status":"open","sticky":false,"template":"","format":"standard","meta":{"footnotes":""},"categories":[502],"tags":[12,37,220],"class_list":["post-5020","post","type-post","status-publish","format-standard","hentry","category-elba-ramalho","tag-brasil","tag-folk","tag-vocal"],"_links":{"self":[{"href":"https:\/\/pandc.10z.com.ar\/index.php?rest_route=\/wp\/v2\/posts\/5020","targetHints":{"allow":["GET"]}}],"collection":[{"href":"https:\/\/pandc.10z.com.ar\/index.php?rest_route=\/wp\/v2\/posts"}],"about":[{"href":"https:\/\/pandc.10z.com.ar\/index.php?rest_route=\/wp\/v2\/types\/post"}],"author":[{"embeddable":true,"href":"https:\/\/pandc.10z.com.ar\/index.php?rest_route=\/wp\/v2\/users\/5"}],"replies":[{"embeddable":true,"href":"https:\/\/pandc.10z.com.ar\/index.php?rest_route=%2Fwp%2Fv2%2Fcomments&post=5020"}],"version-history":[{"count":0,"href":"https:\/\/pandc.10z.com.ar\/index.php?rest_route=\/wp\/v2\/posts\/5020\/revisions"}],"wp:attachment":[{"href":"https:\/\/pandc.10z.com.ar\/index.php?rest_route=%2Fwp%2Fv2%2Fmedia&parent=5020"}],"wp:term":[{"taxonomy":"category","embeddable":true,"href":"https:\/\/pandc.10z.com.ar\/index.php?rest_route=%2Fwp%2Fv2%2Fcategories&post=5020"},{"taxonomy":"post_tag","embeddable":true,"href":"https:\/\/pandc.10z.com.ar\/index.php?rest_route=%2Fwp%2Fv2%2Ftags&post=5020"}],"curies":[{"name":"wp","href":"https:\/\/api.w.org\/{rel}","templated":true}]}}