{"id":4999,"date":"2011-08-27T21:32:00","date_gmt":"2011-08-28T00:32:00","guid":{"rendered":"http:\/\/pandc.10z.com.ar\/?p=4999"},"modified":"2011-09-20T06:08:03","modified_gmt":"2011-09-20T09:08:03","slug":"paula-fernandes-ao-vivo-2011-cd-y-dvd","status":"publish","type":"post","link":"https:\/\/pandc.10z.com.ar\/?p=4999","title":{"rendered":"Paula Fernandes &#8211; Ao Vivo (2011) Cd y DVD"},"content":{"rendered":"<p style=\"text-align: center;\"><a href=\"https:\/\/pandc.10z.com.ar\/wp-content\/img\/PaulaAoVivo1.jpg\" target=\"_blank\"><img loading=\"lazy\" decoding=\"async\" class=\"aligncenter\" title=\"paula1\" src=\"https:\/\/pandc.10z.com.ar\/wp-content\/img\/PaulaAoVivo1.jpg\" alt=\"\" width=\"400\" height=\"400\" \/><\/a><\/p>\n<p style=\"text-align: center;\"><a href=\"https:\/\/pandc.10z.com.ar\/wp-content\/img\/PaulaAoVivo2.jpg\" target=\"_blank\"><img loading=\"lazy\" decoding=\"async\" class=\"aligncenter\" title=\"paula2\" src=\"https:\/\/pandc.10z.com.ar\/wp-content\/img\/PaulaAoVivo2.jpg\" alt=\"\" width=\"400\" height=\"320\" \/><\/a><\/p>\n<p style=\"text-align: center;\"><a href=\"https:\/\/pandc.10z.com.ar\/wp-content\/img\/PaulaAoVivo3.jpg\" target=\"_blank\"><img loading=\"lazy\" decoding=\"async\" class=\"aligncenter\" title=\"paula3\" src=\"https:\/\/pandc.10z.com.ar\/wp-content\/img\/PaulaAoVivo3.jpg\" alt=\"\" width=\"400\" height=\"300\" \/><\/a><\/p>\n<p style=\"text-align: center;\"><a href=\"https:\/\/pandc.10z.com.ar\/wp-content\/img\/PaulaAoVivo4.jpg\" target=\"_blank\"><img loading=\"lazy\" decoding=\"async\" class=\"aligncenter\" title=\"paula4\" src=\"https:\/\/pandc.10z.com.ar\/wp-content\/img\/PaulaAoVivo4.jpg\" alt=\"\" width=\"400\" height=\"400\" \/><\/a><\/p>\n<p>En septiembre de 2009 les present\u00e9 el estupendo \u00e1lbum de Paula Fernandes, \u00abP\u00e1ssaro de fogo\u00bb, todo de su autor\u00eda y que pueden ver <a href=\"https:\/\/pandc.10z.com.ar\/?p=1256\">AQU\u00cd<\/a>. En el especial de fin de a\u00f1o de Roberto Carlos rob\u00f3 la escena y se puso de relieve en todos los medios de comunicaci\u00f3n brasile\u00f1os. Esta bella y talentosa artista saca este a\u00f1o al mercado su primer DVD en vivo, y naturalmente el correspondiente CD, con varios \u00e9xitos, como \u201cPassaro de Fogo\u201d, \u201cQuando a Chuva Passar\u201d, \u201cMeu Em Voc\u00ea\u201d, \u201cQuero Sim\u201d, \u201cJeito de Mato\u201d y varios in\u00e9ditos adem\u00e1s de un homenaje a Roberto Carlos con su excelente versi\u00f3n de \u00abCostumes\u00bb. Cuenta tambi\u00e9n con participaciones especiales de Victor &amp; Leo, Leonardo, Marcus Viana y Almir Sater.<\/p>\n<p><strong>No se lo pierdan, se lo recomiendo!<\/strong><\/p>\n<p>***<br \/>\n<strong><br \/>\nTracklist:<\/strong><\/p>\n<p><strong>CD<\/strong><\/p>\n<p>01. P\u00e1ssaro de Fogo<br \/>\n02. Meu Eu Em Voc\u00ea<br \/>\n03. Pra Voc\u00ea<br \/>\n04. Tocando Em Frente \u2013 Part. Leonardo<br \/>\n05. Amargurado \/ Sem Voc\u00ea \/ Ainda Ontem Chorei De Saudade<br \/>\n06. Complicados Demais<br \/>\n07. Voa<br \/>\n08. Jeito De Mato<br \/>\n09. N\u00e3o Precisa \u2013 Part. Victor &amp; Leo<br \/>\n10. Navegar Em Mim<br \/>\n11. Quando A Chuva Passar \u2013 Part. Marcus Vianna<br \/>\n12. Sensa\u00e7\u00f5es<br \/>\n13. Quero Sim<br \/>\n14. Pra Que Conversar?<br \/>\n15. Costumes<br \/>\n16. Seio De Minas<br \/>\n17. Isso \u00c9 Amar Voc\u00ea<\/p>\n<p><strong>DVD<\/strong><\/p>\n<p>01. P\u00e1ssaro De Fogo<br \/>\n02. Meu Eu Em Voc\u00ea<br \/>\n03. Pra Voc\u00ea<br \/>\n04. Apaixonados Pela Lua<br \/>\n05. Tocando Em Frente \u2013 Partic.: Leonardo<br \/>\n06. \u00cdndia \u2013 Particip.: Leonardo<br \/>\n07. Amargurado \/ Sem Voc\u00ea \/ Ainda Ontem Chorei de Saudade<br \/>\n08. Debaixo Do Cacho \/ Apaixonado Por Voc\u00ea<br \/>\n09. Complicados Demais<br \/>\n10. Voa<br \/>\n11. Seio De Minas<br \/>\n12. Jeito De Mato<br \/>\n13. Sensa\u00e7\u00f5es<br \/>\n14. Costumes<br \/>\n15. Quero Sim<br \/>\n16. Quando a Chuva Passar \u2013 Partic.: Marcus Viana<br \/>\n17. N\u00e3o Precisa \u2013 Particip.: Victor &amp; Leo<br \/>\n18. Navegar Em Mim<br \/>\n19. Tarde Demais<br \/>\n20. Pra Que Conversar?<br \/>\n21 .Isso \u00c9 Amar Voc\u00ea<br \/>\n22. P\u00e1ssaro De Fogo<br \/>\n23. Man! Feel Like A Woman<br \/>\n24. Nem Pensar<br \/>\n25. Jeito De Mato \u2013 Particip.: Almir Sater<br \/>\n26. Making Of<\/p>\n<p>***<\/p>\n<p><a href=\"http:\/\/www.megaupload.com\/?d=5TXS8L2Z\">Cd Aqu\u00ed<\/a><br \/>\n<a href=\"http:\/\/www.megaupload.com\/?d=9GH3IA90\">Cd Aqu\u00ed<\/a><\/p>\n<p><a href=\"http:\/\/www.megaupload.com\/?d=RANOXNQ2\" target=\"_blank\"><strong>DVD Aqu\u00ed<\/strong><\/a><\/p>\n<p>***<\/p>\n","protected":false},"excerpt":{"rendered":"<p>En septiembre de 2009 les present\u00e9 el estupendo \u00e1lbum de Paula Fernandes, \u00abP\u00e1ssaro de fogo\u00bb, todo de su autor\u00eda y que pueden ver AQU\u00cd. En el especial de fin de a\u00f1o de Roberto Carlos rob\u00f3 la escena y se puso de relieve en todos los medios de comunicaci\u00f3n brasile\u00f1os. Esta bella y talentosa artista saca [&hellip;]<\/p>\n","protected":false},"author":4,"featured_media":0,"comment_status":"open","ping_status":"open","sticky":false,"template":"","format":"standard","meta":{"footnotes":""},"categories":[137],"tags":[12,41,138],"class_list":["post-4999","post","type-post","status-publish","format-standard","hentry","category-paula-fernandes","tag-brasil","tag-pop","tag-sertanejo"],"_links":{"self":[{"href":"https:\/\/pandc.10z.com.ar\/index.php?rest_route=\/wp\/v2\/posts\/4999","targetHints":{"allow":["GET"]}}],"collection":[{"href":"https:\/\/pandc.10z.com.ar\/index.php?rest_route=\/wp\/v2\/posts"}],"about":[{"href":"https:\/\/pandc.10z.com.ar\/index.php?rest_route=\/wp\/v2\/types\/post"}],"author":[{"embeddable":true,"href":"https:\/\/pandc.10z.com.ar\/index.php?rest_route=\/wp\/v2\/users\/4"}],"replies":[{"embeddable":true,"href":"https:\/\/pandc.10z.com.ar\/index.php?rest_route=%2Fwp%2Fv2%2Fcomments&post=4999"}],"version-history":[{"count":0,"href":"https:\/\/pandc.10z.com.ar\/index.php?rest_route=\/wp\/v2\/posts\/4999\/revisions"}],"wp:attachment":[{"href":"https:\/\/pandc.10z.com.ar\/index.php?rest_route=%2Fwp%2Fv2%2Fmedia&parent=4999"}],"wp:term":[{"taxonomy":"category","embeddable":true,"href":"https:\/\/pandc.10z.com.ar\/index.php?rest_route=%2Fwp%2Fv2%2Fcategories&post=4999"},{"taxonomy":"post_tag","embeddable":true,"href":"https:\/\/pandc.10z.com.ar\/index.php?rest_route=%2Fwp%2Fv2%2Ftags&post=4999"}],"curies":[{"name":"wp","href":"https:\/\/api.w.org\/{rel}","templated":true}]}}