{"id":4979,"date":"2011-08-11T20:49:55","date_gmt":"2011-08-11T23:49:55","guid":{"rendered":"http:\/\/pandc.10z.com.ar\/?p=4979"},"modified":"2011-09-07T20:54:03","modified_gmt":"2011-09-07T23:54:03","slug":"gianna-nannini-una-radura-1977","status":"publish","type":"post","link":"https:\/\/pandc.10z.com.ar\/?p=4979","title":{"rendered":"Gianna Nannini &#8211; Una Radura (1977)"},"content":{"rendered":"<p style=\"text-align: center;\"><a href=\"https:\/\/pandc.10z.com.ar\/wp-content\/img\/GiannaRadura1.jpg\" target=\"_blank\"><img loading=\"lazy\" decoding=\"async\" class=\"aligncenter\" title=\"radura1\" src=\"https:\/\/pandc.10z.com.ar\/wp-content\/img\/GiannaRadura1.jpg\" alt=\"\" width=\"400\" height=\"400\" \/><\/a><\/p>\n<p style=\"text-align: center;\"><a href=\"https:\/\/pandc.10z.com.ar\/wp-content\/img\/GiannaRadura2.jpg\" target=\"_blank\"><img loading=\"lazy\" decoding=\"async\" class=\"aligncenter\" title=\"radura2\" src=\"https:\/\/pandc.10z.com.ar\/wp-content\/img\/GiannaRadura2.jpg\" alt=\"\" width=\"400\" height=\"400\" \/><\/a><\/p>\n<p style=\"text-align: center;\"><a href=\"https:\/\/pandc.10z.com.ar\/wp-content\/img\/GiannaRadura3.jpeg\" target=\"_blank\"><img loading=\"lazy\" decoding=\"async\" class=\"aligncenter\" title=\"radura3\" src=\"https:\/\/pandc.10z.com.ar\/wp-content\/img\/GiannaRadura3.jpeg\" alt=\"\" width=\"400\" height=\"400\" \/><\/a><\/p>\n<p style=\"text-align: justify;\">Segundo \u00e1lbum de Gianna\u00a0 Nannini, realizado en colaboraci\u00f3n con la Premiata Forneria Marconi en tres temas (Basta, Frenesia y Riprendo la mia faccia). Un disco musicalmente m\u00e1s amplio con respeto al primer \u00e1lbum, aunque con afinidades tem\u00e1ticas. La misma Giannini declar\u00f3: \u00abPuse todo de m\u00ed, mis problemas, mi soledad, la dificultad de comunicar con los dem\u00e1s\u00bb.<br \/>\nMuy buen trabajo, no se lo pierdan.<\/p>\n<p>***<\/p>\n<p><strong>Tracklist:<\/strong><\/p>\n<p>01. Dialogo<br \/>\n02. Rebecca<br \/>\n03. Basta<br \/>\n04. Frenesia<br \/>\n05. Se<br \/>\n06. Maria Paola<br \/>\n07. Siamo Vivi<br \/>\n08. Sono Stanco<br \/>\n09. Riprendo La Mia Faccia<br \/>\n10. Una Radura<\/p>\n<p>***<\/p>\n<p><a href=\"http:\/\/www.megaupload.com\/?d=FWU7XODL\">Aqu\u00ed<\/a><\/p>\n<p>***<\/p>\n","protected":false},"excerpt":{"rendered":"<p>Segundo \u00e1lbum de Gianna\u00a0 Nannini, realizado en colaboraci\u00f3n con la Premiata Forneria Marconi en tres temas (Basta, Frenesia y Riprendo la mia faccia). Un disco musicalmente m\u00e1s amplio con respeto al primer \u00e1lbum, aunque con afinidades tem\u00e1ticas. La misma Giannini declar\u00f3: \u00abPuse todo de m\u00ed, mis problemas, mi soledad, la dificultad de comunicar con los [&hellip;]<\/p>\n","protected":false},"author":4,"featured_media":0,"comment_status":"open","ping_status":"open","sticky":false,"template":"","format":"standard","meta":{"footnotes":""},"categories":[492],"tags":[3,41,39],"class_list":["post-4979","post","type-post","status-publish","format-standard","hentry","category-gianna-nannini","tag-italia","tag-pop","tag-rock"],"_links":{"self":[{"href":"https:\/\/pandc.10z.com.ar\/index.php?rest_route=\/wp\/v2\/posts\/4979","targetHints":{"allow":["GET"]}}],"collection":[{"href":"https:\/\/pandc.10z.com.ar\/index.php?rest_route=\/wp\/v2\/posts"}],"about":[{"href":"https:\/\/pandc.10z.com.ar\/index.php?rest_route=\/wp\/v2\/types\/post"}],"author":[{"embeddable":true,"href":"https:\/\/pandc.10z.com.ar\/index.php?rest_route=\/wp\/v2\/users\/4"}],"replies":[{"embeddable":true,"href":"https:\/\/pandc.10z.com.ar\/index.php?rest_route=%2Fwp%2Fv2%2Fcomments&post=4979"}],"version-history":[{"count":0,"href":"https:\/\/pandc.10z.com.ar\/index.php?rest_route=\/wp\/v2\/posts\/4979\/revisions"}],"wp:attachment":[{"href":"https:\/\/pandc.10z.com.ar\/index.php?rest_route=%2Fwp%2Fv2%2Fmedia&parent=4979"}],"wp:term":[{"taxonomy":"category","embeddable":true,"href":"https:\/\/pandc.10z.com.ar\/index.php?rest_route=%2Fwp%2Fv2%2Fcategories&post=4979"},{"taxonomy":"post_tag","embeddable":true,"href":"https:\/\/pandc.10z.com.ar\/index.php?rest_route=%2Fwp%2Fv2%2Ftags&post=4979"}],"curies":[{"name":"wp","href":"https:\/\/api.w.org\/{rel}","templated":true}]}}