{"id":4941,"date":"2011-09-07T16:13:08","date_gmt":"2011-09-07T19:13:08","guid":{"rendered":"http:\/\/pandc.10z.com.ar\/?p=4941"},"modified":"2011-09-07T16:13:08","modified_gmt":"2011-09-07T19:13:08","slug":"julien-clerc-julien-clerc-1968","status":"publish","type":"post","link":"https:\/\/pandc.10z.com.ar\/?p=4941","title":{"rendered":"Julien Clerc &#8211; Julien Clerc (1968)"},"content":{"rendered":"<p style=\"text-align: center;\"><a href=\"https:\/\/pandc.10z.com.ar\/wp-content\/img\/JulienClerc1.jpg\" target=\"_blank\"><img loading=\"lazy\" decoding=\"async\" class=\"aligncenter\" title=\"lulien1\" src=\"https:\/\/pandc.10z.com.ar\/wp-content\/img\/JulienClerc1.jpg\" alt=\"\" width=\"400\" height=\"400\" \/><\/a><\/p>\n<p style=\"text-align: center;\"><a href=\"https:\/\/pandc.10z.com.ar\/wp-content\/img\/JulienClerc2.jpg\" target=\"_blank\"><img loading=\"lazy\" decoding=\"async\" class=\"aligncenter\" title=\"julien2\" src=\"https:\/\/pandc.10z.com.ar\/wp-content\/img\/JulienClerc2.jpg\" alt=\"\" width=\"400\" height=\"320\" \/><\/a><\/p>\n<p>\u00abJulien Clerc\u00bb (tambi\u00e9n llamado \u00abLa Cavalerie\u00bb en la edici\u00f3n en CD de 1990) es el primer \u00e1lbum studio de Julien Clerc salido en 1968 por la etiqueta EMI. Contiene los primeros \u00e9xitos del j\u00f3ven cantante de 21 a\u00f1os: \u00abLa Cavalerie\u00bb, canci\u00f3n salida al mercado poco antes de los acontecimientos de mayo 1968 e \u00abIvanovitch\u00bb. El \u00e1lbum gan\u00f3 el \u201cCharles Cros Academy Record Award\u201d.<br \/>\nDesde la d\u00e9cada del 60, Juli\u00e1n Clerc ha sido uno de los cantantes franc\u00f3fonos m\u00e1s populares. Paul-Alain Leclerc naci\u00f3 el 4 de octubre de 1947 en Par\u00eds. Sus padres se divorciaron cuando \u00e9l era joven, creci\u00f3 escuchando m\u00fasica cl\u00e1sica en casa de su padre; mientras su madre lo introduc\u00eda a la m\u00fasica de cantantes legendarios, tales como Georges Brassens y Edith Piaf. Empez\u00f3 a aprender a tocar piano a los 6 a\u00f1os y a la edad de 13 empez\u00f3 a tocar de o\u00eddo todo lo que escuchaba en la radio.<br \/>\nDurante los d\u00edas de escuela y universidad conoci\u00f3 a Maurice Vallet y Etienne Roda-Gil, dos de los principales autores de sus canciones y comenz\u00f3 a componer. Cambio su nombre a Julien Clerc cuando firm\u00f3 un contrato con la compa\u00f1\u00eda disquera \u201cPath\u00e9 Marconi\u201d y realiz\u00f3 su primer \u00e1lbum a mediados de mayo de 1968.<br \/>\nLas melod\u00edas de Clerc, famoso por el vibrato de su voz y su m\u00fasica neosinf\u00f3nica, acopladas con las l\u00edricas de ensue\u00f1o, escritas por Vallet y Roda-Gill, calzaban muy bien en esos tiempos de cambio. Las canciones fueron acogidas con agrado como un renacimiento a las llamadas canciones tradicionales francesas con su armonioso estilo, que era inusual en ese tiempo, especialmente en Francia.<\/p>\n<p>***<br \/>\n<strong><br \/>\nTracklist:<\/strong><\/p>\n<p>01. Yann et les dauphins<br \/>\n02. Les vendredis<br \/>\n03. La petite sorci\u00e8re malade<br \/>\n04. Le delta<br \/>\n05. Sur tes pas<br \/>\n06. Ivanovitch<br \/>\n07. La tarentelle<br \/>\n08. L&#8217;amour en chantier<br \/>\n09. Jivaro song<br \/>\n10. Julien<br \/>\n11. La cavalerie<\/p>\n<p>***<\/p>\n<p><a href=\"http:\/\/www.megaupload.com\/?d=ZKHZKKJ2\">Aqu\u00ed<\/a><\/p>\n<p>***<\/p>\n","protected":false},"excerpt":{"rendered":"<p>\u00abJulien Clerc\u00bb (tambi\u00e9n llamado \u00abLa Cavalerie\u00bb en la edici\u00f3n en CD de 1990) es el primer \u00e1lbum studio de Julien Clerc salido en 1968 por la etiqueta EMI. Contiene los primeros \u00e9xitos del j\u00f3ven cantante de 21 a\u00f1os: \u00abLa Cavalerie\u00bb, canci\u00f3n salida al mercado poco antes de los acontecimientos de mayo 1968 e \u00abIvanovitch\u00bb. El [&hellip;]<\/p>\n","protected":false},"author":4,"featured_media":0,"comment_status":"open","ping_status":"open","sticky":false,"template":"","format":"standard","meta":{"footnotes":""},"categories":[491],"tags":[10,41],"class_list":["post-4941","post","type-post","status-publish","format-standard","hentry","category-julien-clerc","tag-francia","tag-pop"],"_links":{"self":[{"href":"https:\/\/pandc.10z.com.ar\/index.php?rest_route=\/wp\/v2\/posts\/4941","targetHints":{"allow":["GET"]}}],"collection":[{"href":"https:\/\/pandc.10z.com.ar\/index.php?rest_route=\/wp\/v2\/posts"}],"about":[{"href":"https:\/\/pandc.10z.com.ar\/index.php?rest_route=\/wp\/v2\/types\/post"}],"author":[{"embeddable":true,"href":"https:\/\/pandc.10z.com.ar\/index.php?rest_route=\/wp\/v2\/users\/4"}],"replies":[{"embeddable":true,"href":"https:\/\/pandc.10z.com.ar\/index.php?rest_route=%2Fwp%2Fv2%2Fcomments&post=4941"}],"version-history":[{"count":0,"href":"https:\/\/pandc.10z.com.ar\/index.php?rest_route=\/wp\/v2\/posts\/4941\/revisions"}],"wp:attachment":[{"href":"https:\/\/pandc.10z.com.ar\/index.php?rest_route=%2Fwp%2Fv2%2Fmedia&parent=4941"}],"wp:term":[{"taxonomy":"category","embeddable":true,"href":"https:\/\/pandc.10z.com.ar\/index.php?rest_route=%2Fwp%2Fv2%2Fcategories&post=4941"},{"taxonomy":"post_tag","embeddable":true,"href":"https:\/\/pandc.10z.com.ar\/index.php?rest_route=%2Fwp%2Fv2%2Ftags&post=4941"}],"curies":[{"name":"wp","href":"https:\/\/api.w.org\/{rel}","templated":true}]}}