{"id":4932,"date":"2011-07-12T15:36:09","date_gmt":"2011-07-12T18:36:09","guid":{"rendered":"http:\/\/pandc.10z.com.ar\/?p=4932"},"modified":"2011-09-09T00:10:30","modified_gmt":"2011-09-09T03:10:30","slug":"fabrizio-de-andre-i-singoli-karim-1961-1966","status":"publish","type":"post","link":"https:\/\/pandc.10z.com.ar\/?p=4932","title":{"rendered":"Fabrizio De Andr\u00e9 &#8211; I Singoli Karim 1961-1966"},"content":{"rendered":"<p style=\"text-align: center;\"><a href=\"https:\/\/pandc.10z.com.ar\/wp-content\/img\/FabrizioSingoliKarim1.jpg\" target=\"_blank\"><img loading=\"lazy\" decoding=\"async\" class=\"aligncenter\" title=\"fabriziosing1\" src=\"https:\/\/pandc.10z.com.ar\/wp-content\/img\/FabrizioSingoliKarim1.jpg\" alt=\"\" width=\"400\" height=\"400\" \/><\/a><\/p>\n<p style=\"text-align: center;\"><a href=\"https:\/\/pandc.10z.com.ar\/wp-content\/img\/FabrizioSingoliKarim2.jpg\" target=\"_blank\"><img loading=\"lazy\" decoding=\"async\" class=\"aligncenter\" title=\"fabriziosing2\" src=\"https:\/\/pandc.10z.com.ar\/wp-content\/img\/FabrizioSingoliKarim2.jpg\" alt=\"\" width=\"400\" height=\"320\" \/><\/a><\/p>\n<p style=\"text-align: center;\"><a href=\"https:\/\/pandc.10z.com.ar\/wp-content\/img\/FabrizioSingoliKarim3.jpg\" target=\"_blank\"><img loading=\"lazy\" decoding=\"async\" class=\"aligncenter\" title=\"fabriziosing3\" src=\"https:\/\/pandc.10z.com.ar\/wp-content\/img\/FabrizioSingoliKarim3.jpg\" alt=\"\" width=\"400\" height=\"400\" \/><\/a><\/p>\n<p><em>Un re-posteo del viejo blog; uno de los primeros de nuestro \u00abComplice\u00bb Luca Satanik.<\/em><\/p>\n<p>Fabrizio Cristiano De Andr\u00e9 (uno de los m\u00e1s grandes cantautores italianos) naci\u00f3 en G\u00e9nova Pegli, en la calle De Nicolay 12, el 18 febrero de 1940. Cuenta la leyenda che en el tocadiscos de casa, para aliviar los dolores de parto de su mujer, el profesor Giuseppe De Andr\u00e9 (padre de Fabrizio) pusiera el Valzer Campestre de Gino Marinuzzi, del cual, a\u00f1os despu\u00e9s, Fabrizio tomar\u00eda inspiraci\u00f3n para uno de sus primeros temas \u00abValzer per un amore\u00bb.<\/p>\n<p>En octubre de 1961 la Karim publica su primer sencillo, con una tapa est\u00e1ndar con hueco (la edici\u00f3n de 1971 de Roman Record tendr\u00e1 tapa con dibujo). El disco lleva dos temas \u00abNuvole barocche\u00bb y \u00abE fu la notte\u00bb.<br \/>\nNinguno de los sencillos de la \u00e9poca Karim lleva el nombre completo del artista, m\u00e1s solamente \u00abFabrizio\u00bb; el apellido ser\u00e1 a\u00f1adido en 1966 con la publicaci\u00f3n de su \u00fanico \u00e1lbum con Karim.<\/p>\n<p>En los a\u00f1os siguientes De Andr\u00e9 se confirma siempre m\u00e1s como personaje reservado y m\u00fasico culto, h\u00e1bil en condensar en sus obras varias tendencias e inspiraciones: las atmosferas de los hist\u00f3ricos cantautores franceses, tem\u00e1ticas sociales manejadas sea con prudencia que con met\u00e1foras po\u00e9ticas, tradiciones musicales de algunas regiones italianas, sonoridad de amplio respiro internacional y el utilizar un lenguaje inconfundible y al mismo tiempo simple para estar a nivel de todo el mundo.<br \/>\nNo obstante los temas fuesen de excelente hechura no alcanzaron el \u00e9xito esperado, pero detr\u00e1s de la esquina estaba una tal Mina Mazzini que en 1967 escogi\u00f3 una canci\u00f3n de Fabrizio De Andr\u00e9 como lado A de un 45 revoluciones: \u00abLa Canzone Di Marinella\u00bb (mientras en la versi\u00f3n de Fabrizio este tema era el lado B) y de ah\u00ed empez\u00f3 la fortuna de Fabrizio que se convirti\u00f3 en el incre\u00edble cantautor que conocemos.<\/p>\n<p>En verano de 1998, en el transcurso de una gira de su \u00faltimo \u00e1lbum \u00abAnime Salve\u00bb le diagnosticaron un c\u00e1ncer pulmonar y tuvo que interrumpir los conciertos. Desafortunadamente en la noche del 11 de enero de 1999, a las 02:30, Fabrizio De Andr\u00e9 muere en Mil\u00e1n, en el Istituto Dei Tumori donde estaba internado.<\/p>\n<p>La compilaci\u00f3n que presento se compone de canciones grabadas con la Karim, discogr\u00e1fica que quiebra en 1966 enseguida despu\u00e9s de la publicaci\u00f3n del \u00fanico \u00e1lbum de Fabrizio De Andr\u00e9 de aquella \u00e9poca; las canciones que llevan la sigla (V2) est\u00e1n tomadas del vinilo.<br \/>\nY como bonus track tenemos tres homenajes: Luigi Tenco, Mina y Donatella Moretti interpretando canciones de Fabrizio.<\/p>\n<p>Les deseo, como siempre, buena escucha.<\/p>\n<p><strong>C\u00f3mplice en el viaje: Luca<\/strong><\/p>\n<p>&nbsp;<\/p>\n<p><strong>(Testo in italiano nei \u00abComentarios\u00bb)<\/strong><\/p>\n<p>***<\/p>\n<p><strong>Tracklist:<\/strong><\/p>\n<p>01. Nuvole Barocche<br \/>\n02. E fu la notte<br \/>\n03. La ballata del Mich\u00e8<br \/>\n04. La ballata dell&#8217;eroe<br \/>\n05. Il fannullone<br \/>\n06. Carlo Martello<br \/>\n07. Il testamento<br \/>\n08. La guerra di Piero<br \/>\n09. Valzer Campestre<br \/>\n10. La canzone di Marinella<br \/>\n11. Peri tuoi larghi occhi<br \/>\n12. Fila la lana<br \/>\n13. La citt\u00e0 vecchia<br \/>\n14. Delitto di paese<br \/>\n15. La canzone dell&#8217;amore perduto<br \/>\n16. La ballata dell&#8217;amore cieco<br \/>\n17. Geordie<br \/>\n18. Amore che vieni Amore che vai<br \/>\n19. Delitto di Paese (v2)<br \/>\n20. Valzer per un amore (v2)<br \/>\n21. Carlo Martello ritorna dalla battaglia di Poitiers (v2)<\/p>\n<p><strong>Bonus tracks<\/strong><br \/>\n22. La ballata dell&#8217;eroe(Luigi Tenco)<br \/>\n23. La canzone di Marinella(Mina)<br \/>\n24. La canzone dell&#8217;amore perduto(Donatella Moretti)<\/p>\n<p>***<\/p>\n<p><a href=\"http:\/\/www.megaupload.com\/?d=B5NWUPGL\">Aqu\u00ed<\/a><\/p>\n<p><a href=\"http:\/\/www.megaupload.com\/?d=N4XOMMLD\">Aqu\u00ed<\/a><\/p>\n<p>***<\/p>\n","protected":false},"excerpt":{"rendered":"<p>Un re-posteo del viejo blog; uno de los primeros de nuestro \u00abComplice\u00bb Luca Satanik. Fabrizio Cristiano De Andr\u00e9 (uno de los m\u00e1s grandes cantautores italianos) naci\u00f3 en G\u00e9nova Pegli, en la calle De Nicolay 12, el 18 febrero de 1940. Cuenta la leyenda che en el tocadiscos de casa, para aliviar los dolores de parto [&hellip;]<\/p>\n","protected":false},"author":4,"featured_media":0,"comment_status":"open","ping_status":"open","sticky":false,"template":"","format":"standard","meta":{"footnotes":""},"categories":[304],"tags":[3,41],"class_list":["post-4932","post","type-post","status-publish","format-standard","hentry","category-fabrizio-de-andre","tag-italia","tag-pop"],"_links":{"self":[{"href":"https:\/\/pandc.10z.com.ar\/index.php?rest_route=\/wp\/v2\/posts\/4932","targetHints":{"allow":["GET"]}}],"collection":[{"href":"https:\/\/pandc.10z.com.ar\/index.php?rest_route=\/wp\/v2\/posts"}],"about":[{"href":"https:\/\/pandc.10z.com.ar\/index.php?rest_route=\/wp\/v2\/types\/post"}],"author":[{"embeddable":true,"href":"https:\/\/pandc.10z.com.ar\/index.php?rest_route=\/wp\/v2\/users\/4"}],"replies":[{"embeddable":true,"href":"https:\/\/pandc.10z.com.ar\/index.php?rest_route=%2Fwp%2Fv2%2Fcomments&post=4932"}],"version-history":[{"count":0,"href":"https:\/\/pandc.10z.com.ar\/index.php?rest_route=\/wp\/v2\/posts\/4932\/revisions"}],"wp:attachment":[{"href":"https:\/\/pandc.10z.com.ar\/index.php?rest_route=%2Fwp%2Fv2%2Fmedia&parent=4932"}],"wp:term":[{"taxonomy":"category","embeddable":true,"href":"https:\/\/pandc.10z.com.ar\/index.php?rest_route=%2Fwp%2Fv2%2Fcategories&post=4932"},{"taxonomy":"post_tag","embeddable":true,"href":"https:\/\/pandc.10z.com.ar\/index.php?rest_route=%2Fwp%2Fv2%2Ftags&post=4932"}],"curies":[{"name":"wp","href":"https:\/\/api.w.org\/{rel}","templated":true}]}}