{"id":4922,"date":"2011-07-08T13:18:57","date_gmt":"2011-07-08T16:18:57","guid":{"rendered":"http:\/\/pandc.10z.com.ar\/?p=4922"},"modified":"2011-09-07T13:20:25","modified_gmt":"2011-09-07T16:20:25","slug":"maxime-le-forestier-le-steak-1974","status":"publish","type":"post","link":"https:\/\/pandc.10z.com.ar\/?p=4922","title":{"rendered":"Maxime Le Forestier &#8211; Le Steak (1974)"},"content":{"rendered":"<p style=\"text-align: center;\"><a href=\"https:\/\/pandc.10z.com.ar\/wp-content\/img\/maximesteak1.jpg\" target=\"_blank\"><img loading=\"lazy\" decoding=\"async\" class=\"aligncenter\" title=\"steak1\" src=\"https:\/\/pandc.10z.com.ar\/wp-content\/img\/maximesteak1.jpg\" alt=\"\" width=\"400\" height=\"400\" \/><\/a><\/p>\n<p style=\"text-align: center;\"><a href=\"https:\/\/pandc.10z.com.ar\/wp-content\/img\/maximesteak2.jpeg\" target=\"_blank\"><img loading=\"lazy\" decoding=\"async\" class=\"aligncenter\" title=\"steak2\" src=\"https:\/\/pandc.10z.com.ar\/wp-content\/img\/maximesteak2.jpeg\" alt=\"\" width=\"400\" height=\"400\" \/><\/a><\/p>\n<p style=\"text-align: center;\"><a href=\"https:\/\/pandc.10z.com.ar\/wp-content\/img\/maximesteak3.jpeg\" target=\"_blank\"><img loading=\"lazy\" decoding=\"async\" class=\"aligncenter\" title=\"steak3\" src=\"https:\/\/pandc.10z.com.ar\/wp-content\/img\/maximesteak3.jpeg\" alt=\"\" width=\"400\" height=\"400\" \/><\/a><\/p>\n<p>Segundo \u00e1lbum de Le Forestier, llamado \u00abLe Steak\u00bb por el t\u00edtulo abreviado del primer tema: \u00abLe Steak ou complainte de ceux qui ont le ventre vide, consid\u00e9r\u00e9e comme une gaudriole par ceux qui ont le ventre plein\u00bb (El bistec o el lamento de los que tienen el estomaco vac\u00edo, considerado como una broma por aquellos que tienen el est\u00f3mago lleno). No es seguramente el t\u00edtulo m\u00e1s corto de la carrera de Maxime Le Forestier, pero es bastante t\u00edpico del compromiso de un cantante en una \u00e9poca del atractivo revolucionario y de parafernalias ideol\u00f3gicas trotskista-mao\u00edsta. De protesta a\u00fan permaneciendo en un registro folk, este \u00abSteak\u00bb podr\u00eda haber sido compuesto por o para Renaud. \u00abJ\u2019m\u2019en fous d\u2019la France\u00bb o \u00abSi tu \u00e9tais n\u00e9 en Mai\u00bb son t\u00edtulos\u00a0 que se explican por s\u00ed solos y no necesitan ning\u00fan comentario sobre el contexto en que fueron escritos. Los a\u00f1os &#8217;70 son los de un Le Forestier anarquista: no es de extra\u00f1ar que cante libertario.<\/p>\n<p>***<\/p>\n<p><strong>Tracklist:<\/strong><\/p>\n<p>01. Le Steak ou Complainte de ceux qui ont le ventre vide, consid\u00e9r\u00e9e comme une gaudriole par ceux qui ont le ventre plein<br \/>\n02. F\u00e9vrier de cette ann\u00e9e l\ufffd<br \/>\n03. Parlez-moi de saison<br \/>\n04. Entre 14 et 40 ans<br \/>\n05. Si tu \u00e9tais n\u00e9 en mai<br \/>\n06. Dialogue<br \/>\n07. Mauve<br \/>\n08. La ou<br \/>\n09. Les lianes du temps<br \/>\n10. Autre dialogue<br \/>\n11. J&#8217;men fous de la France<\/p>\n<p>***<\/p>\n<p><a href=\"http:\/\/www.megaupload.com\/?d=VS9Z7JJS\">Aqu\u00ed<\/a><\/p>\n<p>***<\/p>\n","protected":false},"excerpt":{"rendered":"<p>Segundo \u00e1lbum de Le Forestier, llamado \u00abLe Steak\u00bb por el t\u00edtulo abreviado del primer tema: \u00abLe Steak ou complainte de ceux qui ont le ventre vide, consid\u00e9r\u00e9e comme une gaudriole par ceux qui ont le ventre plein\u00bb (El bistec o el lamento de los que tienen el estomaco vac\u00edo, considerado como una broma por aquellos [&hellip;]<\/p>\n","protected":false},"author":4,"featured_media":0,"comment_status":"open","ping_status":"open","sticky":false,"template":"","format":"standard","meta":{"footnotes":""},"categories":[483],"tags":[37,10,41],"class_list":["post-4922","post","type-post","status-publish","format-standard","hentry","category-maxime-le-forestier","tag-folk","tag-francia","tag-pop"],"_links":{"self":[{"href":"https:\/\/pandc.10z.com.ar\/index.php?rest_route=\/wp\/v2\/posts\/4922","targetHints":{"allow":["GET"]}}],"collection":[{"href":"https:\/\/pandc.10z.com.ar\/index.php?rest_route=\/wp\/v2\/posts"}],"about":[{"href":"https:\/\/pandc.10z.com.ar\/index.php?rest_route=\/wp\/v2\/types\/post"}],"author":[{"embeddable":true,"href":"https:\/\/pandc.10z.com.ar\/index.php?rest_route=\/wp\/v2\/users\/4"}],"replies":[{"embeddable":true,"href":"https:\/\/pandc.10z.com.ar\/index.php?rest_route=%2Fwp%2Fv2%2Fcomments&post=4922"}],"version-history":[{"count":0,"href":"https:\/\/pandc.10z.com.ar\/index.php?rest_route=\/wp\/v2\/posts\/4922\/revisions"}],"wp:attachment":[{"href":"https:\/\/pandc.10z.com.ar\/index.php?rest_route=%2Fwp%2Fv2%2Fmedia&parent=4922"}],"wp:term":[{"taxonomy":"category","embeddable":true,"href":"https:\/\/pandc.10z.com.ar\/index.php?rest_route=%2Fwp%2Fv2%2Fcategories&post=4922"},{"taxonomy":"post_tag","embeddable":true,"href":"https:\/\/pandc.10z.com.ar\/index.php?rest_route=%2Fwp%2Fv2%2Ftags&post=4922"}],"curies":[{"name":"wp","href":"https:\/\/api.w.org\/{rel}","templated":true}]}}