{"id":4918,"date":"2011-07-07T12:50:45","date_gmt":"2011-07-07T15:50:45","guid":{"rendered":"http:\/\/pandc.10z.com.ar\/?p=4918"},"modified":"2011-07-07T12:50:45","modified_gmt":"2011-07-07T15:50:45","slug":"milton-nascimento-ao-vivo-1983","status":"publish","type":"post","link":"https:\/\/pandc.10z.com.ar\/?p=4918","title":{"rendered":"Milton Nascimento &#8211; Ao Vivo (1983)"},"content":{"rendered":"<p style=\"text-align: center;\"><a href=\"https:\/\/pandc.10z.com.ar\/wp-content\/img\/miltonvivofront.jpg\" target=\"_blank\"><img loading=\"lazy\" decoding=\"async\" class=\"aligncenter\" src=\"https:\/\/pandc.10z.com.ar\/wp-content\/img\/miltonvivofront.jpg\" alt=\"\" width=\"400\" height=\"400\" \/><\/a><\/p>\n<p style=\"text-align: center;\"><a href=\"https:\/\/pandc.10z.com.ar\/wp-content\/img\/miltonvivoback.jpg\" target=\"_blank\"><img loading=\"lazy\" decoding=\"async\" class=\"aligncenter\" src=\"https:\/\/pandc.10z.com.ar\/wp-content\/img\/miltonvivoback.jpg\" alt=\"\" width=\"400\" height=\"400\" \/><\/a><\/p>\n<p style=\"text-align: center;\"><a href=\"https:\/\/pandc.10z.com.ar\/wp-content\/img\/miltonvivointerior.jpg\" target=\"_blank\"><img loading=\"lazy\" decoding=\"async\" class=\"aligncenter\" src=\"https:\/\/pandc.10z.com.ar\/wp-content\/img\/miltonvivointerior.jpg\" alt=\"\" width=\"400\" height=\"200\" \/><\/a><\/p>\n<p style=\"text-align: left;\"><strong>Milton Nascimento<\/strong> (R\u00edo de Janeiro, Brasil, 1942) es un cantante, compositor y guitarrista fundamental de la m\u00fasica popular de su pa\u00eds y Am\u00e9rica Latina. Su estilo musical abarca la m\u00fasica popular brasile\u00f1a, el samba, el pop, el rock, y la fusi\u00f3n musical con diversas tradiciones musicales regionales e internacionales.<\/p>\n<p>Cuando ten\u00eda 19 a\u00f1os, <strong>Milton<\/strong> se traslad\u00f3 a Belo Horizonte y comenz\u00f3 a cantar en donde pod\u00eda. Finalmente, consigui\u00f3 un \u00e9xito cuando la cantante <strong>Elis Regina<\/strong> grab\u00f3 una de sus canciones en 1966, <em>\u00abCancao do Sal\u00bb<\/em>. <strong>Regina <\/strong>consigui\u00f3 que apareciese en un popular programa de televisi\u00f3n y, tras actuar al a\u00f1o siguiente en el Festival Internacional de la Canci\u00f3n de Brasil, su carrera se disparara. A partir de entonces, no ha dejado de desarrollarse musicalmente y convertirse en referencia obligada y en influencia inevitable para los m\u00fasicos brasile\u00f1os, adem\u00e1s de ser un compositor al que grandes artistas de todo el mundo recurren para enriquecer su obra.<\/p>\n<p><strong>***<\/strong><\/p>\n<p>Este disco <em>(uno de los favoritos de mi discoteca)<\/em> fue grabado en vivo en Sao Paulo, Brasil, los d\u00edas 1, 2 y 3 de noviembre de 1983 en el Pal\u00e1cio das Conven\u00e7oes do Anhembi.\u00a0 El repertorio del show es memorable y convierten a este disco en uno de esos registros en vivo que por su calidad est\u00e1 destinado a ser un cl\u00e1sico para la posteridad, y en el que el p\u00fablico juega un rol fundamental. As\u00ed, desfilan la sensacional <em>\u201cNos bailes da vida\u201d<\/em>, el cl\u00e1sico de <em>Dolores Duran<\/em> <em>\u201cA noite do meu bem\u201d, \u201cMar\u00eda Mar\u00eda\u201d, \u201cCora\u00e7ao de estudiante\u201d<\/em>, y tantas otras. Otro momento \u00fanico fue la participaci\u00f3n de <strong>Gal Costa<\/strong>, en <em>\u201cSolar\u201d<\/em>, apareciendo desde el fondo des escenario\u00a0 y produciendo el delirio de la platea.\u00a0 <strong>Es un disco extraordinario, imprescindible.<\/strong><\/p>\n<p><em><strong>M\u00fasicos:<\/strong><\/em><\/p>\n<p><strong>Milton Nascimento:<\/strong> guitarra, piano y voz<br \/>\n<strong>Gal Costa: <\/strong>voz en \u00abSolar\u00bb<br \/>\n<strong>Wagner Tiso: <\/strong>teclados<br \/>\n<strong>Helio Delmiro:<\/strong> guitarra<br \/>\n<strong>Robertinho Silva:<\/strong> bater\u00eda y percusi\u00f3n<br \/>\n<strong>Nenem:<\/strong> percusi\u00f3n<br \/>\n<strong>Paulinho Carvalho:<\/strong> bajo<\/p>\n<p>***<\/p>\n<p><a href=\"http:\/\/www.megaupload.com\/?d=OWZ62RXL\"><strong>Aqu\u00ed<\/strong><\/a><\/p>\n<p>***<\/p>\n","protected":false},"excerpt":{"rendered":"<p>Milton Nascimento (R\u00edo de Janeiro, Brasil, 1942) es un cantante, compositor y guitarrista fundamental de la m\u00fasica popular de su pa\u00eds y Am\u00e9rica Latina. Su estilo musical abarca la m\u00fasica popular brasile\u00f1a, el samba, el pop, el rock, y la fusi\u00f3n musical con diversas tradiciones musicales regionales e internacionales. Cuando ten\u00eda 19 a\u00f1os, Milton se [&hellip;]<\/p>\n","protected":false},"author":5,"featured_media":0,"comment_status":"open","ping_status":"open","sticky":false,"template":"","format":"standard","meta":{"footnotes":""},"categories":[489],"tags":[12],"class_list":["post-4918","post","type-post","status-publish","format-standard","hentry","category-milton-nascimento","tag-brasil"],"_links":{"self":[{"href":"https:\/\/pandc.10z.com.ar\/index.php?rest_route=\/wp\/v2\/posts\/4918","targetHints":{"allow":["GET"]}}],"collection":[{"href":"https:\/\/pandc.10z.com.ar\/index.php?rest_route=\/wp\/v2\/posts"}],"about":[{"href":"https:\/\/pandc.10z.com.ar\/index.php?rest_route=\/wp\/v2\/types\/post"}],"author":[{"embeddable":true,"href":"https:\/\/pandc.10z.com.ar\/index.php?rest_route=\/wp\/v2\/users\/5"}],"replies":[{"embeddable":true,"href":"https:\/\/pandc.10z.com.ar\/index.php?rest_route=%2Fwp%2Fv2%2Fcomments&post=4918"}],"version-history":[{"count":0,"href":"https:\/\/pandc.10z.com.ar\/index.php?rest_route=\/wp\/v2\/posts\/4918\/revisions"}],"wp:attachment":[{"href":"https:\/\/pandc.10z.com.ar\/index.php?rest_route=%2Fwp%2Fv2%2Fmedia&parent=4918"}],"wp:term":[{"taxonomy":"category","embeddable":true,"href":"https:\/\/pandc.10z.com.ar\/index.php?rest_route=%2Fwp%2Fv2%2Fcategories&post=4918"},{"taxonomy":"post_tag","embeddable":true,"href":"https:\/\/pandc.10z.com.ar\/index.php?rest_route=%2Fwp%2Fv2%2Ftags&post=4918"}],"curies":[{"name":"wp","href":"https:\/\/api.w.org\/{rel}","templated":true}]}}