{"id":4829,"date":"2011-06-28T06:25:29","date_gmt":"2011-06-28T09:25:29","guid":{"rendered":"http:\/\/pandc.10z.com.ar\/?p=4829"},"modified":"2011-06-28T06:35:47","modified_gmt":"2011-06-28T09:35:47","slug":"raul-beron-el-gran-cantor-de-tangos-pc-2011","status":"publish","type":"post","link":"https:\/\/pandc.10z.com.ar\/?p=4829","title":{"rendered":"Ra\u00fal Ber\u00f3n &#8211; El Gran Cantor de Tangos (P&#038;C 2011)"},"content":{"rendered":"<p style=\"text-align: center;\"><a href=\"https:\/\/pandc.10z.com.ar\/wp-content\/img\/beronfront.jpg\" target=\"_blank\"><img loading=\"lazy\" decoding=\"async\" class=\"aligncenter\" src=\"https:\/\/pandc.10z.com.ar\/wp-content\/img\/beronfront.jpg\" alt=\"\" width=\"400\" height=\"400\" \/><\/a><\/p>\n<p style=\"text-align: center;\"><a href=\"https:\/\/pandc.10z.com.ar\/wp-content\/img\/beronback.jpg\" target=\"_blank\"><img loading=\"lazy\" decoding=\"async\" class=\"aligncenter\" src=\"https:\/\/pandc.10z.com.ar\/wp-content\/img\/beronback.jpg\" alt=\"\" width=\"400\" height=\"340\" \/><\/a><\/p>\n<p style=\"text-align: center;\"><a href=\"https:\/\/pandc.10z.com.ar\/wp-content\/img\/beronsingleA.jpg\" target=\"_blank\"><img loading=\"lazy\" decoding=\"async\" class=\"aligncenter\" src=\"https:\/\/pandc.10z.com.ar\/wp-content\/img\/beronsingleA.jpg\" alt=\"\" width=\"400\" height=\"400\" \/><\/a><\/p>\n<p style=\"text-align: left;\"><strong>Ra\u00fal Ber\u00f3n<\/strong> fue, para algunos, el mejor cantor de orquesta que dio el tango. De clara estirpe gardeliana y registro de tenor, su apogeo coincidi\u00f3 exactamente con la \u00e9poca de mayor auge del tango: desde su ingreso a la orquesta de <strong>Miguel Cal\u00f3<\/strong> en 1939, hasta su retiro de la de <strong>An\u00edbal Troilo<\/strong> en 1955. El amplio y variado repertorio de <strong>Ber\u00f3n<\/strong> revela su aptitud para captar todos los temas y climas del g\u00e9nero.<\/p>\n<p>Naci\u00f3 en Z\u00e1rate, peque\u00f1a ciudad portuaria sobre el r\u00edo Paran\u00e1, 150 kil\u00f3metros al norte de Buenos Aires, en el seno de una familia de m\u00fasicos y cantores, varios de los cuales ganar\u00edan fama. Se inici\u00f3 de ni\u00f1o formando d\u00fao con su hermano mayor, Jos\u00e9, quien tambi\u00e9n desarroll\u00f3 una carrera en el tango, aunque de menor trascendencia.\u00a0\u00a0 <strong>Ber\u00f3n<\/strong> hizo pie en Buenos Aires a trav\u00e9s de la radio, actuando en varias emisoras como cantor solista con guitarras. La mayor\u00eda no trascend\u00eda, pero no fue su caso, incorporado en 1939 por <strong>Miguel Cal\u00f3<\/strong>.\u00a0 <strong>Ber\u00f3n<\/strong> debut\u00f3 con <strong>Cal\u00f3<\/strong> en el disco (sello Ode\u00f3n) el 29 de abril de 1942, grabando un enorme \u00e9xito: <em>\u00abAl comp\u00e1s del coraz\u00f3n\u00bb<\/em>, tango de <em>Domingo Federico y Homero Exp\u00f3sito<\/em>. Al dorso, <em>\u00abEl vals so\u00f1ador\u00bb<\/em>. Entre los 28 temas que registr\u00f3 con esta orquesta\u00a0 no hay ninguna grabaci\u00f3n desde\u00f1able.<\/p>\n<p>Dej\u00f3 a <strong>Cal\u00f3<\/strong>, para integrarse a la orquesta del pianista e inspirado compositor <strong>Lucio Demare<\/strong>. Con este grab\u00f3 versiones antol\u00f3gicas de tangos como <em>\u00abUna emoci\u00f3n\u00bb, \u00abQu\u00e9 solo estoy\u00bb<\/em>,\u00a0 y <em>\u00abTal vez ser\u00e1 su voz\u201d<\/em>.\u00a0 Otra etapa significativa -pero en cierto modo frustrada- en la trayectoria de <strong>Ber\u00f3n<\/strong> fue la de su vinculaci\u00f3n con <strong>Francini-Pontier<\/strong>, el binomio formado por el violinista <strong>Enrique Francini<\/strong> y el bandoneonista <strong>Armando Pontier<\/strong>, surgidos de la orquesta de <strong>Cal\u00f3<\/strong> y que, como el cantor, proven\u00edan de Z\u00e1rate. <strong>Ber\u00f3n<\/strong> grab\u00f3 con esa agrupaci\u00f3n, de muy avanzada concepci\u00f3n musical, entre 1946 y 1949 un total de 13 temas como solista.<\/p>\n<p>Sobrevino entonces la brillante incursi\u00f3n de <strong>Ber\u00f3n<\/strong> en la orquesta de <strong>An\u00edbal Troilo<\/strong>, una de las m\u00e1s venerada del tango. Aquella conjunci\u00f3n produjo versiones admirables. Por esos a\u00f1os la voz del cantor, sometida a un empleo incesante por el abrumador \u00e9xito de <strong>Troilo<\/strong>, comenzaba a dar se\u00f1ales de fatiga. Tambi\u00e9n conspiraron contra la calidad de sus registros las insatisfactorias condiciones t\u00e9cnicas del sello <em>TK<\/em>, en el que hab\u00eda pasado a grabar la orquesta.<\/p>\n<p><strong>Ber\u00f3n<\/strong> sigui\u00f3 cantando hasta su muerte, a los 62 a\u00f1osm, el 28 de de junio de 1982. La noche del 29 un presentador anunciaba la desaparici\u00f3n del cantor al p\u00fablico que se hab\u00eda reunido en el <em>Caf\u00e9 de los Angelitos<\/em> para o\u00edr una vez m\u00e1s la dulce tristeza de esa voz incomparable.<\/p>\n<p><em><strong>Tracklist:<\/strong><\/em><\/p>\n<p>1.M.CALO-BERON. Al compas del coraz\u00f3n<br \/>\n<em>(Homero Exposito \u2013 Domingo Federico)<\/em><br \/>\n2.M.CALO-BERON. El vals so\u00f1ador<br \/>\n<em>(Armando Pontier \u2013 Oscar Rubens)<\/em><br \/>\n3.M.CALO-BERON. Lejos de Buenos Aires<br \/>\n<em>(Alberto Villanueva \u2013 Oscar Rubens)<\/em><br \/>\n4.M.CALO-BERON. Tristezas de la calle Corrientes<br \/>\n<em>(Homero Exposito \u2013 Domingo Federico)<\/em><br \/>\n5.FRANCINI-PONTIER-BERON. Remolinos.<br \/>\n<em>(Alfredo de Angelis \u2013 Jose Rotulo)<\/em><br \/>\n6.FRANCINI-PONTIER-BERON. Camouflage.<br \/>\n<em>(Enrique Francini \u2013 Jose Garc\u00eda)<\/em><br \/>\n7.TROILO-BERON. El choclo.<br \/>\n<em>(Villoldo \u2013 Discepolo)<\/em><br \/>\n8.TROILO-BERON. Pero yo se&#8230;<br \/>\n<em>(Azucena Maizani)<\/em><br \/>\n9.DEMARE-BERON.\u00a0 Que solo estoy.<br \/>\n<em>(Raul Kaplun \u2013 Roberto Mir\u00f3)<\/em><br \/>\n10.DEMARE-BERON. Una emoci\u00f3n<br \/>\n<em>(Raul Kapl\u00fan \u2013 Jos\u00e9 Mar\u00eda Su\u00f1e)<\/em><br \/>\n11.DEMARE-BERON. Luna.<br \/>\n<em>(Lucio Demare \u2013 Homero Manzi)<\/em><br \/>\n12.DEMARE-BERON. Al pasar<br \/>\n<em>(Gatti \u2013 Iglesias)<\/em><br \/>\n13.DEMARE-BERON. No nos veremos mas.<br \/>\n<em>(Stazo \u2013 Silva)<\/em><br \/>\n14.DEMARE-BERON. Tal vez ser\u00e1 su voz<br \/>\n<em>(Manzi \u2013 Piana)<\/em><br \/>\n15.DEMARE-BERON. Oigo tu voz<br \/>\n<em>(Mario Canaro \u2013 Garc\u00eda Jimenez)<\/em><\/p>\n<p><strong>Nota: <\/strong><em>Esta recopilaci\u00f3n que abarca sus principales etapas, a\u00fan hoy admiradas, ha sido especialmente realizada para <strong>P&amp;C<\/strong>, incluyendo las cubiertas.\u00a0 Algunos datos para el texto fueron extra\u00eddos de www.todotango.com.<\/em><\/p>\n<p>***<\/p>\n<p><a href=\"http:\/\/www.megaupload.com\/?d=0EQH44TY\"><strong>Aqu\u00ed<\/strong><\/a><\/p>\n<p>***<\/p>\n","protected":false},"excerpt":{"rendered":"<p>Ra\u00fal Ber\u00f3n fue, para algunos, el mejor cantor de orquesta que dio el tango. De clara estirpe gardeliana y registro de tenor, su apogeo coincidi\u00f3 exactamente con la \u00e9poca de mayor auge del tango: desde su ingreso a la orquesta de Miguel Cal\u00f3 en 1939, hasta su retiro de la de An\u00edbal Troilo en 1955. [&hellip;]<\/p>\n","protected":false},"author":5,"featured_media":0,"comment_status":"open","ping_status":"open","sticky":false,"template":"","format":"standard","meta":{"footnotes":""},"categories":[144,486,485,484],"tags":[389,15,220],"class_list":["post-4829","post","type-post","status-publish","format-standard","hentry","category-anibal-troilo","category-francini-pontier","category-miguel-calo","category-raul-beron","tag-argentina","tag-tango","tag-vocal"],"_links":{"self":[{"href":"https:\/\/pandc.10z.com.ar\/index.php?rest_route=\/wp\/v2\/posts\/4829","targetHints":{"allow":["GET"]}}],"collection":[{"href":"https:\/\/pandc.10z.com.ar\/index.php?rest_route=\/wp\/v2\/posts"}],"about":[{"href":"https:\/\/pandc.10z.com.ar\/index.php?rest_route=\/wp\/v2\/types\/post"}],"author":[{"embeddable":true,"href":"https:\/\/pandc.10z.com.ar\/index.php?rest_route=\/wp\/v2\/users\/5"}],"replies":[{"embeddable":true,"href":"https:\/\/pandc.10z.com.ar\/index.php?rest_route=%2Fwp%2Fv2%2Fcomments&post=4829"}],"version-history":[{"count":0,"href":"https:\/\/pandc.10z.com.ar\/index.php?rest_route=\/wp\/v2\/posts\/4829\/revisions"}],"wp:attachment":[{"href":"https:\/\/pandc.10z.com.ar\/index.php?rest_route=%2Fwp%2Fv2%2Fmedia&parent=4829"}],"wp:term":[{"taxonomy":"category","embeddable":true,"href":"https:\/\/pandc.10z.com.ar\/index.php?rest_route=%2Fwp%2Fv2%2Fcategories&post=4829"},{"taxonomy":"post_tag","embeddable":true,"href":"https:\/\/pandc.10z.com.ar\/index.php?rest_route=%2Fwp%2Fv2%2Ftags&post=4829"}],"curies":[{"name":"wp","href":"https:\/\/api.w.org\/{rel}","templated":true}]}}