{"id":4807,"date":"2011-06-27T12:04:20","date_gmt":"2011-06-27T15:04:20","guid":{"rendered":"http:\/\/pandc.10z.com.ar\/?p=4807"},"modified":"2011-06-27T12:04:20","modified_gmt":"2011-06-27T15:04:20","slug":"maxime-le-forestier-lecho-des-etoiles-2000","status":"publish","type":"post","link":"https:\/\/pandc.10z.com.ar\/?p=4807","title":{"rendered":"Maxime Le Forestier &#8211; L&#8217;echo Des \u00c9toiles (2000)"},"content":{"rendered":"<p style=\"text-align: center;\"><a href=\"https:\/\/pandc.10z.com.ar\/wp-content\/img\/MaximeEtoiles1.jpg\" target=\"_blank\"><img loading=\"lazy\" decoding=\"async\" class=\"aligncenter\" title=\"etoille1\" src=\"https:\/\/pandc.10z.com.ar\/wp-content\/img\/MaximeEtoiles1.jpg\" alt=\"\" width=\"400\" height=\"400\" \/><\/a><\/p>\n<p style=\"text-align: center;\"><a href=\"https:\/\/pandc.10z.com.ar\/wp-content\/img\/MaximeEtoiles2.jpg\" target=\"_blank\"><img loading=\"lazy\" decoding=\"async\" class=\"aligncenter\" title=\"etoiles2\" src=\"https:\/\/pandc.10z.com.ar\/wp-content\/img\/MaximeEtoiles2.jpg\" alt=\"\" width=\"400\" height=\"320\" \/><\/a><\/p>\n<p style=\"text-align: center;\"><a href=\"https:\/\/pandc.10z.com.ar\/wp-content\/img\/MaximeEtoiles3.jpg\" target=\"_blank\"><img loading=\"lazy\" decoding=\"async\" class=\"aligncenter\" title=\"etoiles3\" src=\"https:\/\/pandc.10z.com.ar\/wp-content\/img\/MaximeEtoiles3.jpg\" alt=\"\" width=\"400\" height=\"400\" \/><\/a><\/p>\n<p><em>\u00abUne chanson, c&#8217;est une petite id\u00e9e de rien du tout. Trois mots qui chantent et vont ensemble (Una canci\u00f3n es una idea de nada. Tres palabras que cantan y van de la mano\u00bb<\/em>. Poeta, viajero secreto de la intimidad, compositor de lejanos interiores, Maxime Le Forestier cuestiona aqu\u00ed, con toda modestia y fragilidad, su m\u00fasica de fuego (\u00abL&#8217;\u00c9cho des \u00e9toiles\u00bb, \u00abMinimum que Minnie m&#8217;aime\u00bb) y de niebla (\u00abPetit nuage sur Amsterdam\u00bb la ciudad en la que se a\u00edsla a escribir y componer).<br \/>\n\u00abL&#8217;\u00c9cho des \u00e9toiles\u00bb, naci\u00f3 bajo el signo del escape, con los sonidos de otros lugares. Parada en \u00c1frica (\u00abAffaire d&#8217;\u00c9tat\u00bb), en la isla Mauricio y especialmente en Rodrigues (seg\u00fan \u00e9l, \u00abel punto m\u00e1s peque\u00f1o en el mapa mundial\u00bb), donde se empap\u00f3 de los ritmos criollos (\u00abJ&#8217;aurais ta peau\u00bb). B\u00fasqueda del para\u00edso perdido, en busca de lo absoluto, el int\u00e9rprete, autor-compositor, borra lo superfluo para mantener s\u00f3lo lo esencial.<br \/>\nCinco a\u00f1os despu\u00e9s de \u00abPasser ma route\u00bb Le Forestier nos ofrece un nuevo grupo de canciones originales, producidos por los dos viejos amigos Jean-F\u00e9lix Lalanne y Jean-Pierre Sabar. Fi\u00e9l a su costumbre de vestir las melod\u00edas con apariencia muy cl\u00e1sica, con arreglos y sonidos de otros lugares (Cuba, Brasil, \u00c1frica &#8230;), firm\u00f3 es un disco seductor.<\/p>\n<p><strong>Dedicado a Charly!<\/strong><\/p>\n<p>***<\/p>\n<p><strong>Tracklist:<\/strong><\/p>\n<p>01. L&#8217;\u00e9cho des \u00e9toiles<br \/>\n02. Petit nuage sur Amsterdam<br \/>\n03. J&#8217;aurai ta peau<br \/>\n04. Les chevaux rebelles<br \/>\n05. Minimum<br \/>\n06. Portrait de fille<br \/>\n07. Rue Darwin<br \/>\n08. Affaire d&#8217;Etat<br \/>\n09. L&#8217;oncle Tom<br \/>\n10. Horizontale<br \/>\n11. La guitare \u00e0 Paul<br \/>\n12. L&#8217;homme au bouquet de fleurs<\/p>\n<p>***<\/p>\n<p><a href=\"http:\/\/www.megaupload.com\/?d=RFQ1YSMC\">Aqu\u00ed<\/a><\/p>\n<p>***<\/p>\n","protected":false},"excerpt":{"rendered":"<p>\u00abUne chanson, c&#8217;est une petite id\u00e9e de rien du tout. Trois mots qui chantent et vont ensemble (Una canci\u00f3n es una idea de nada. Tres palabras que cantan y van de la mano\u00bb. Poeta, viajero secreto de la intimidad, compositor de lejanos interiores, Maxime Le Forestier cuestiona aqu\u00ed, con toda modestia y fragilidad, su m\u00fasica [&hellip;]<\/p>\n","protected":false},"author":4,"featured_media":0,"comment_status":"open","ping_status":"open","sticky":false,"template":"","format":"standard","meta":{"footnotes":""},"categories":[483],"tags":[10,41],"class_list":["post-4807","post","type-post","status-publish","format-standard","hentry","category-maxime-le-forestier","tag-francia","tag-pop"],"_links":{"self":[{"href":"https:\/\/pandc.10z.com.ar\/index.php?rest_route=\/wp\/v2\/posts\/4807","targetHints":{"allow":["GET"]}}],"collection":[{"href":"https:\/\/pandc.10z.com.ar\/index.php?rest_route=\/wp\/v2\/posts"}],"about":[{"href":"https:\/\/pandc.10z.com.ar\/index.php?rest_route=\/wp\/v2\/types\/post"}],"author":[{"embeddable":true,"href":"https:\/\/pandc.10z.com.ar\/index.php?rest_route=\/wp\/v2\/users\/4"}],"replies":[{"embeddable":true,"href":"https:\/\/pandc.10z.com.ar\/index.php?rest_route=%2Fwp%2Fv2%2Fcomments&post=4807"}],"version-history":[{"count":0,"href":"https:\/\/pandc.10z.com.ar\/index.php?rest_route=\/wp\/v2\/posts\/4807\/revisions"}],"wp:attachment":[{"href":"https:\/\/pandc.10z.com.ar\/index.php?rest_route=%2Fwp%2Fv2%2Fmedia&parent=4807"}],"wp:term":[{"taxonomy":"category","embeddable":true,"href":"https:\/\/pandc.10z.com.ar\/index.php?rest_route=%2Fwp%2Fv2%2Fcategories&post=4807"},{"taxonomy":"post_tag","embeddable":true,"href":"https:\/\/pandc.10z.com.ar\/index.php?rest_route=%2Fwp%2Fv2%2Ftags&post=4807"}],"curies":[{"name":"wp","href":"https:\/\/api.w.org\/{rel}","templated":true}]}}