{"id":4803,"date":"2011-06-27T11:52:50","date_gmt":"2011-06-27T14:52:50","guid":{"rendered":"http:\/\/pandc.10z.com.ar\/?p=4803"},"modified":"2011-06-27T12:07:03","modified_gmt":"2011-06-27T15:07:03","slug":"maxime-le-forestier-mon-frere-1972","status":"publish","type":"post","link":"https:\/\/pandc.10z.com.ar\/?p=4803","title":{"rendered":"Maxime Le Forestier &#8211; Mon Fr\u00e8re (1972)"},"content":{"rendered":"<p style=\"text-align: center;\"><a href=\"https:\/\/pandc.10z.com.ar\/wp-content\/img\/MaximeFrere1.jpg\" target=\"_blank\"><img loading=\"lazy\" decoding=\"async\" class=\"aligncenter\" title=\"frere1\" src=\"https:\/\/pandc.10z.com.ar\/wp-content\/img\/MaximeFrere1.jpg\" alt=\"\" width=\"400\" height=\"400\" \/><\/a><\/p>\n<p style=\"text-align: center;\"><a href=\"https:\/\/pandc.10z.com.ar\/wp-content\/img\/MaximeFrere2.jpg\" target=\"_blank\"><img loading=\"lazy\" decoding=\"async\" class=\"aligncenter\" title=\"frere2\" src=\"https:\/\/pandc.10z.com.ar\/wp-content\/img\/MaximeFrere2.jpg\" alt=\"\" width=\"400\" height=\"320\" \/><\/a><\/p>\n<p>Maxime Le Forestier es un cantautor franc\u00e9s nacido en Par\u00eds el 10 de febrero de 1949. Despu\u00e9s de debutar en d\u00fao con su hermana Catherine, Maxime Le Forestier se lanza en una carrera en solitario. Su primer disco \u00abMon Fr\u00e8re\u00bb inmediatamente lo sit\u00faa el centro del escenario gracias a un hit en primer lugar, recuerdo de los meses pasado en una comunidad hippie en California, \u00abSan Francisco\u00bb. Una canci\u00f3n, entre el folk y la canci\u00f3n francesa, que desde entonces se ha convertido en un cl\u00e1sico.<br \/>\n\u00c1lbun sobre todo ac\u00fastico, que no hace ning\u00fan intento de ocultar la gran influencia de Georges Brassens, James Taylor y Bob Dylan en su trabajo y visi\u00f3n del mundo. Otros temas sobresalientes incluyen la autobiogr\u00e1fica \u00abParachutiste\u00bb, \u00abComme un Arbre,\u00bb y \u00abEducation sentimentale\u00bb, todas estas canciones se han ganado el estatus de leyenda en la m\u00fasica popular francesa.<\/p>\n<p>***<\/p>\n<p><strong>Tracklist:<\/strong><\/p>\n<p>01. Mon fr\u00e8re<br \/>\n02. Education sentimentale<br \/>\n03. La rouille<br \/>\n04. Mourir pour une nuit<br \/>\n05. Marie, Pierre et Charlemagne<br \/>\n06. Comme un arbre<br \/>\n07. Fontenay-aux-Roses<br \/>\n08. Parachutiste<br \/>\n09. Je ne sais rien faire<br \/>\n10. San Francisco<br \/>\n11. \u00c7a sert \u00e0 quoi<\/p>\n<p>***<\/p>\n<p><a href=\"http:\/\/www.megaupload.com\/?d=UH62WKBG\">Aqu\u00ed<\/a><\/p>\n<p>***<\/p>\n","protected":false},"excerpt":{"rendered":"<p>Maxime Le Forestier es un cantautor franc\u00e9s nacido en Par\u00eds el 10 de febrero de 1949. Despu\u00e9s de debutar en d\u00fao con su hermana Catherine, Maxime Le Forestier se lanza en una carrera en solitario. Su primer disco \u00abMon Fr\u00e8re\u00bb inmediatamente lo sit\u00faa el centro del escenario gracias a un hit en primer lugar, recuerdo [&hellip;]<\/p>\n","protected":false},"author":4,"featured_media":0,"comment_status":"open","ping_status":"open","sticky":false,"template":"","format":"standard","meta":{"footnotes":""},"categories":[483],"tags":[10,41],"class_list":["post-4803","post","type-post","status-publish","format-standard","hentry","category-maxime-le-forestier","tag-francia","tag-pop"],"_links":{"self":[{"href":"https:\/\/pandc.10z.com.ar\/index.php?rest_route=\/wp\/v2\/posts\/4803","targetHints":{"allow":["GET"]}}],"collection":[{"href":"https:\/\/pandc.10z.com.ar\/index.php?rest_route=\/wp\/v2\/posts"}],"about":[{"href":"https:\/\/pandc.10z.com.ar\/index.php?rest_route=\/wp\/v2\/types\/post"}],"author":[{"embeddable":true,"href":"https:\/\/pandc.10z.com.ar\/index.php?rest_route=\/wp\/v2\/users\/4"}],"replies":[{"embeddable":true,"href":"https:\/\/pandc.10z.com.ar\/index.php?rest_route=%2Fwp%2Fv2%2Fcomments&post=4803"}],"version-history":[{"count":0,"href":"https:\/\/pandc.10z.com.ar\/index.php?rest_route=\/wp\/v2\/posts\/4803\/revisions"}],"wp:attachment":[{"href":"https:\/\/pandc.10z.com.ar\/index.php?rest_route=%2Fwp%2Fv2%2Fmedia&parent=4803"}],"wp:term":[{"taxonomy":"category","embeddable":true,"href":"https:\/\/pandc.10z.com.ar\/index.php?rest_route=%2Fwp%2Fv2%2Fcategories&post=4803"},{"taxonomy":"post_tag","embeddable":true,"href":"https:\/\/pandc.10z.com.ar\/index.php?rest_route=%2Fwp%2Fv2%2Ftags&post=4803"}],"curies":[{"name":"wp","href":"https:\/\/api.w.org\/{rel}","templated":true}]}}