{"id":4710,"date":"2011-06-23T00:15:54","date_gmt":"2011-06-23T03:15:54","guid":{"rendered":"http:\/\/pandc.10z.com.ar\/?p=4710"},"modified":"2011-06-23T00:20:46","modified_gmt":"2011-06-23T03:20:46","slug":"baden-powell-canta-vinicius-de-moraes-e-paolo-cesar-pinheiro-1977","status":"publish","type":"post","link":"https:\/\/pandc.10z.com.ar\/?p=4710","title":{"rendered":"Baden Powell &#8211; Canta Vinicius De Moraes e Paolo Cesar Pinheiro (1977)"},"content":{"rendered":"<p style=\"text-align: center;\"><a href=\"https:\/\/pandc.10z.com.ar\/wp-content\/img\/BadenVinicius1.jpg\" target=\"_blank\"><img loading=\"lazy\" decoding=\"async\" class=\"aligncenter\" title=\"baden1\" src=\"https:\/\/pandc.10z.com.ar\/wp-content\/img\/BadenVinicius1.jpg\" alt=\"\" width=\"400\" height=\"400\" \/><\/a><\/p>\n<p style=\"text-align: center;\"><a href=\"https:\/\/pandc.10z.com.ar\/wp-content\/img\/BadenVinicius2.jpg\" target=\"_blank\"><img loading=\"lazy\" decoding=\"async\" class=\"aligncenter\" title=\"baden2\" src=\"https:\/\/pandc.10z.com.ar\/wp-content\/img\/BadenVinicius2.jpg\" alt=\"\" width=\"400\" height=\"320\" \/><\/a><\/p>\n<p style=\"text-align: center;\"><a href=\"https:\/\/pandc.10z.com.ar\/wp-content\/img\/BadenVinicius3.jpg\" target=\"_blank\"><img loading=\"lazy\" decoding=\"async\" class=\"aligncenter\" title=\"baden3\" src=\"https:\/\/pandc.10z.com.ar\/wp-content\/img\/BadenVinicius3.jpg\" alt=\"\" width=\"400\" height=\"400\" \/><\/a><\/p>\n<p style=\"text-align: center;\">\n<div style=\"width: 410px\" class=\"wp-caption aligncenter\"><a href=\"https:\/\/pandc.10z.com.ar\/wp-content\/img\/BadenVinicius4LP.jpg\" target=\"_blank\"><img loading=\"lazy\" decoding=\"async\" class=\" \" title=\"BadenretroLP\" src=\"https:\/\/pandc.10z.com.ar\/wp-content\/img\/BadenVinicius4LP.jpg\" alt=\"\" width=\"400\" height=\"400\" \/><\/a><p class=\"wp-caption-text\">Retrotapa Lp <\/p><\/div>\n<p style=\"text-align: center;\">\n<p>Baden Powell (Roberto Baden Powell de Aquino) (6 de agosto de 1937 &#8211; 26 de septiembre de 2000) fue uno de los m\u00e1s grandes guitarristas brasile\u00f1o. Interpret\u00f3 muchos estilos de m\u00fasica brasile\u00f1a tales como Bossa nova, Samba, Jazz brasile\u00f1o, Pop brasile\u00f1o, Jazz latino y M\u00fasica Popular Brasile\u00f1a.<br \/>\nSiendo ya un m\u00fasico profesional a la edad de quince, con veinte ya ten\u00eda fama como compositor. Para su evoluci\u00f3n musical eran importantes su padre, Lilo, su maestro Jaime Florence y tambi\u00e9n los poetas Vinicius de Moraes y Paulo Cesar Pinheiro. En colaboraci\u00f3n con estos dos, Baden escribi\u00f3 las canciones brasileiras m\u00e1s famosas de esta \u00e9poca que hoy se consideran como cl\u00e1sicos.<br \/>\nPowell logr\u00f3 amplia fama en 1959 al convencer a Billy Blanco, un consolidado cantante y compositor, para poner letra a una de las composiciones de Powell. El resultado se llam\u00f3 \u00abSamba Triste\u00bb y r\u00e1pidamente se convirti\u00f3 en un gran \u00e9xito. Esta ha tenido gran cantidad de versiones realizadas por numerosos artistas, entre ellos Stan Getz y Charlie Byrd.<br \/>\nEn 1962, Powell se uni\u00f3 con el poeta-diplom\u00e1tico Vin\u00edcius de Moraes y comenz\u00f3 una colaboraci\u00f3n que tuvo verdaderos cl\u00e1sicos de la m\u00fasica brasilera de los &#8217;60. Aunque la bossa nova fue el sonido predominante de la \u00e9poca, la asociaci\u00f3n Baden-Vinicius trascendi\u00f3 la moda de entonces con sonidos sincronizados de formas afro-brasileras, tales como Candombl\u00e9, Umbanda y Capoeira con las formas de samba de R\u00edo de Janeiro. El resultado fue un LP en 1966 bajo el nombre de \u00abOs Afro-sambas de Baden e Vinicius\u00bb.<\/p>\n<p>Este \u00abCanta Vinicius De Moraes e Paolo Cesar Pinheiro\u00bb dura solo 38 minutos es una de las verdaderamente grandes grabaciones de Baden Powell. Grab\u00f3 este \u00e1lbum en 1977 para el sello Festival a instancias de Jacques Lubin, como un homenaje a los dos grandes letristas y colaboraciones en su vida. Ha sido re editado en Cd en 2005.<\/p>\n<p><strong>Imperdible!<\/strong><\/p>\n<p>***<\/p>\n<p><strong>Tracklist:<\/strong><\/p>\n<p>01. Labar\u00e9da<br \/>\n02. Linda Baiana<br \/>\n03. Cavalo Marinho<br \/>\n04. Samba De Ben\u00e7\u00e3o<br \/>\n05. \u00c9 de lei<br \/>\n06. Cancioneiro<br \/>\n07. Figa de guin\u00e9<br \/>\n08. Falei e Disse<br \/>\n09. Bezouro manganga<\/p>\n<p>***<\/p>\n<p><a href=\"http:\/\/www.megaupload.com\/?d=NO3YPXWC\">Aqu\u00ed<\/a><\/p>\n<p><a href=\"http:\/\/www.megaupload.com\/?d=CUIZOMVM\">Aqu\u00ed<\/a><\/p>\n<p>***<\/p>\n","protected":false},"excerpt":{"rendered":"<p>Baden Powell (Roberto Baden Powell de Aquino) (6 de agosto de 1937 &#8211; 26 de septiembre de 2000) fue uno de los m\u00e1s grandes guitarristas brasile\u00f1o. Interpret\u00f3 muchos estilos de m\u00fasica brasile\u00f1a tales como Bossa nova, Samba, Jazz brasile\u00f1o, Pop brasile\u00f1o, Jazz latino y M\u00fasica Popular Brasile\u00f1a. Siendo ya un m\u00fasico profesional a la edad [&hellip;]<\/p>\n","protected":false},"author":4,"featured_media":0,"comment_status":"open","ping_status":"open","sticky":false,"template":"","format":"standard","meta":{"footnotes":""},"categories":[479],"tags":[12],"class_list":["post-4710","post","type-post","status-publish","format-standard","hentry","category-baden-powell","tag-brasil"],"_links":{"self":[{"href":"https:\/\/pandc.10z.com.ar\/index.php?rest_route=\/wp\/v2\/posts\/4710","targetHints":{"allow":["GET"]}}],"collection":[{"href":"https:\/\/pandc.10z.com.ar\/index.php?rest_route=\/wp\/v2\/posts"}],"about":[{"href":"https:\/\/pandc.10z.com.ar\/index.php?rest_route=\/wp\/v2\/types\/post"}],"author":[{"embeddable":true,"href":"https:\/\/pandc.10z.com.ar\/index.php?rest_route=\/wp\/v2\/users\/4"}],"replies":[{"embeddable":true,"href":"https:\/\/pandc.10z.com.ar\/index.php?rest_route=%2Fwp%2Fv2%2Fcomments&post=4710"}],"version-history":[{"count":0,"href":"https:\/\/pandc.10z.com.ar\/index.php?rest_route=\/wp\/v2\/posts\/4710\/revisions"}],"wp:attachment":[{"href":"https:\/\/pandc.10z.com.ar\/index.php?rest_route=%2Fwp%2Fv2%2Fmedia&parent=4710"}],"wp:term":[{"taxonomy":"category","embeddable":true,"href":"https:\/\/pandc.10z.com.ar\/index.php?rest_route=%2Fwp%2Fv2%2Fcategories&post=4710"},{"taxonomy":"post_tag","embeddable":true,"href":"https:\/\/pandc.10z.com.ar\/index.php?rest_route=%2Fwp%2Fv2%2Ftags&post=4710"}],"curies":[{"name":"wp","href":"https:\/\/api.w.org\/{rel}","templated":true}]}}