{"id":469,"date":"2009-07-31T14:43:07","date_gmt":"2009-07-31T17:43:07","guid":{"rendered":"http:\/\/pandc.10z.com.ar\/?p=469"},"modified":"2011-04-08T09:39:09","modified_gmt":"2011-04-08T12:39:09","slug":"donald-fagen-the-nightfly-1982","status":"publish","type":"post","link":"https:\/\/pandc.10z.com.ar\/?p=469","title":{"rendered":"Donald Fagen &#8211; The Nightfly (1982)"},"content":{"rendered":"<p style=\"text-align: left;\"><a href=\"https:\/\/pandc.10z.com.ar\/wp-content\/uploads\/2009\/07\/Donald_Fagen_-_The_Nightfly-front.jpg\" target=\"_blank\"><img loading=\"lazy\" decoding=\"async\" class=\"aligncenter size-full wp-image-468\" title=\"Donald_Fagen_-_The_Nightfly-front\" src=\"https:\/\/pandc.10z.com.ar\/wp-content\/uploads\/Small\/Donald_Fagen_-_The_Nightfly-front.jpg\" alt=\"Donald_Fagen_-_The_Nightfly-front\" width=\"400\" height=\"400\" \/><\/a><\/p>\n<p style=\"text-align: left;\"><a href=\"https:\/\/pandc.10z.com.ar\/wp-content\/uploads\/2009\/07\/Donald_Fagen_-_The_Nightfly-back.jpg\" target=\"_blank\"><img loading=\"lazy\" decoding=\"async\" class=\"size-full wp-image-467 aligncenter\" title=\"Donald_Fagen_-_The_Nightfly-back\" src=\"https:\/\/pandc.10z.com.ar\/wp-content\/uploads\/Small\/Donald_Fagen_-_The_Nightfly-back.jpg\" alt=\"Donald_Fagen_-_The_Nightfly-back\" width=\"400\" height=\"325\" \/><\/a><\/p>\n<p style=\"text-align: left;\">\n<p style=\"text-align: justify;\">Nacido en 1948 en los Estados Unidos el m\u00fasico<strong> Donald Fagen <\/strong>se encuentra entre las figuras m\u00e1s interesantes surgidas del rock.<\/p>\n<p style=\"text-align: justify;\">Cuando <strong>Steely Dan<\/strong> se separ\u00f3,<strong> Fagen<\/strong> se lanz\u00f3 a la carrera\u00a0 solista, y lo hizo con un disco que fue un lujo de calidad de composici\u00f3n y sonido. La obra en cuesti\u00f3n se llam\u00f3<strong> The nightfly<\/strong><\/p>\n<p style=\"text-align: justify;\">No importa que clase de m\u00fasica uno prefiera. Cuando Donald Fagen grab\u00f3 este \u2013su primer album solista- en 1982, logr\u00f3 demostrar que siempre hay una forma distinta de hacer y de escuchar m\u00fasica. Estos ocho temas son irresistibles para mi desde que los escuch\u00e9 por primera vez hace 25 a\u00f1os.<\/p>\n<p style=\"text-align: justify;\">Este genial album comienza con \u201cI.G.Y.\u201d(International Geophysical Year). Es una de esas canciones que son cl\u00e1sicos desde el momento de ser escritas, y su m\u00fasica es tan genial que casi no necesita de la letra. Definitivamente mi tema preferido, aunque el resto del disco no le va en zaga. Ya dije, tiene solo 8 canciones\u2026 pero no hacen falta m\u00e1s.\u00a0 Es uno de mis discos favoritos de todos los tiempos.<\/p>\n<p><strong>M\u00fasicos:<\/strong><\/p>\n<p><strong>Donald Fagen: <\/strong>teclados, piano, \u00f3rgano, sintetizadores, voz<br \/>\n<strong>Larry Carlton:<\/strong> guitarra<br \/>\n<strong>Greg Phillinganes: <\/strong>piano el\u00e9ctrico<br \/>\n<strong>Hugh Mc.Cracken:<\/strong> guitarra<br \/>\n<strong>Rob Mounsey:<\/strong> teclados<br \/>\n<strong>Starz Vanderlocket:<\/strong> percusi\u00f3n<br \/>\n<strong>James Gadson: <\/strong>bater\u00eda<br \/>\n<strong>Anthony Jackson: <\/strong>bajo<br \/>\n<strong>Randy Brecker: <\/strong>trompeta<br \/>\n<strong>Dave Totani: <\/strong>saxo alto<br \/>\n<strong>Michael Brecker: <\/strong>saxo bajo<br \/>\n<strong>Ronnie Cuber: <\/strong>saxo bar\u00edtono<br \/>\n<strong>Dave Bargeron:<\/strong> tromb\u00f3n<\/p>\n<p class=\"MsoNormal\" style=\"text-align: justify;\">\n<p class=\"MsoNormal\" style=\"text-align: justify;\">***<\/p>\n<p class=\"MsoNormal\" style=\"text-align: justify;\">\n<p style=\"text-align: left;\">\n<p style=\"text-align: left;\"><strong>Tracklist:<\/strong><\/p>\n<p style=\"text-align: left;\">01. I.G.Y. (International Geophysical Year)<br \/>\n02. Green flower street<br \/>\n03. Ruby baby<br \/>\n04. Maxine<br \/>\n05. New frontier<br \/>\n06. The nightfly<br \/>\n07. The goodbye look<br \/>\n08. Walk between raindrops<\/p>\n<p style=\"text-align: left;\">\n<p>***<\/p>\n<p><a href=\"http:\/\/www.megaupload.com\/?d=VJFXAHZM\"><strong>MU Aqu\u00ed<\/strong><\/a><\/p>\n<p><a href=\"http:\/\/rapidshare.com\/files\/261829105\/DFNghtfly.PC.rar\"><strong>RS Aqu\u00ed<\/strong><\/a><\/p>\n<p>***<\/p>\n","protected":false},"excerpt":{"rendered":"<p>Nacido en 1948 en los Estados Unidos el m\u00fasico Donald Fagen se encuentra entre las figuras m\u00e1s interesantes surgidas del rock. Cuando Steely Dan se separ\u00f3, Fagen se lanz\u00f3 a la carrera\u00a0 solista, y lo hizo con un disco que fue un lujo de calidad de composici\u00f3n y sonido. La obra en cuesti\u00f3n se llam\u00f3 [&hellip;]<\/p>\n","protected":false},"author":5,"featured_media":0,"comment_status":"open","ping_status":"open","sticky":false,"template":"","format":"standard","meta":{"footnotes":""},"categories":[48],"tags":[21,46,39],"class_list":["post-469","post","type-post","status-publish","format-standard","hentry","category-donald-fagen","tag-estados-unidos","tag-jazz-fusion","tag-rock"],"_links":{"self":[{"href":"https:\/\/pandc.10z.com.ar\/index.php?rest_route=\/wp\/v2\/posts\/469","targetHints":{"allow":["GET"]}}],"collection":[{"href":"https:\/\/pandc.10z.com.ar\/index.php?rest_route=\/wp\/v2\/posts"}],"about":[{"href":"https:\/\/pandc.10z.com.ar\/index.php?rest_route=\/wp\/v2\/types\/post"}],"author":[{"embeddable":true,"href":"https:\/\/pandc.10z.com.ar\/index.php?rest_route=\/wp\/v2\/users\/5"}],"replies":[{"embeddable":true,"href":"https:\/\/pandc.10z.com.ar\/index.php?rest_route=%2Fwp%2Fv2%2Fcomments&post=469"}],"version-history":[{"count":0,"href":"https:\/\/pandc.10z.com.ar\/index.php?rest_route=\/wp\/v2\/posts\/469\/revisions"}],"wp:attachment":[{"href":"https:\/\/pandc.10z.com.ar\/index.php?rest_route=%2Fwp%2Fv2%2Fmedia&parent=469"}],"wp:term":[{"taxonomy":"category","embeddable":true,"href":"https:\/\/pandc.10z.com.ar\/index.php?rest_route=%2Fwp%2Fv2%2Fcategories&post=469"},{"taxonomy":"post_tag","embeddable":true,"href":"https:\/\/pandc.10z.com.ar\/index.php?rest_route=%2Fwp%2Fv2%2Ftags&post=469"}],"curies":[{"name":"wp","href":"https:\/\/api.w.org\/{rel}","templated":true}]}}