{"id":4629,"date":"2011-06-17T00:02:41","date_gmt":"2011-06-17T03:02:41","guid":{"rendered":"http:\/\/pandc.10z.com.ar\/?p=4629"},"modified":"2011-06-16T23:03:23","modified_gmt":"2011-06-17T02:03:23","slug":"pedro-aznar-aznar-canta-brasil-2005","status":"publish","type":"post","link":"https:\/\/pandc.10z.com.ar\/?p=4629","title":{"rendered":"Pedro Aznar &#8211; Aznar Canta Brasil (2005)"},"content":{"rendered":"<p style=\"text-align: center;\"><a href=\"https:\/\/pandc.10z.com.ar\/wp-content\/img\/aznarbrasilfront.jpg\" target=\"_blank\"><img loading=\"lazy\" decoding=\"async\" class=\"aligncenter\" src=\"https:\/\/pandc.10z.com.ar\/wp-content\/img\/aznarbrasilfront.jpg\" alt=\"\" width=\"400\" height=\"400\" \/><\/a><\/p>\n<p style=\"text-align: center;\"><a href=\"https:\/\/pandc.10z.com.ar\/wp-content\/img\/aznarbrasilback.jpg\" target=\"_blank\"><img loading=\"lazy\" decoding=\"async\" class=\"aligncenter\" src=\"https:\/\/pandc.10z.com.ar\/wp-content\/img\/aznarbrasilback.jpg\" alt=\"\" width=\"400\" height=\"340\" \/><\/a><\/p>\n<p style=\"text-align: left;\">Si hay algo dificil, es traducir un tema de otro idioma al castellano y hacer que suene natural y no como una traducci\u00f3n literal. <strong>Pedro Aznar<\/strong> demuestra en este trabajo que domina ese terreno como pocos, apropi\u00e1ndose de los temas hasta el punto que parecen de su propia autor\u00eda.<\/p>\n<p>El recorrido abarca no s\u00f3lo a los autores y compositores cl\u00e1sicos de Brasil, sino tambi\u00e9n a los contempor\u00e1neos tal vez no tan conocidos. As\u00ed, hay profusa presencia de temas de <em>Milton Nascimento<\/em> y <em>Egberto Gismonti<\/em>, autores que lo influenciaron en su adolescencia.\u00a0 Pero tambi\u00e9n hay espacio para la bossa nova con \u00abDindi\u00bb, de <em>Jobim<\/em>, y \u00abPara qu\u00e9 discutir con Madame\u00bb, de <em>Jo\u00e3o Gilberto<\/em>.\u00a0 Por supuesto, no pod\u00edan faltar canciones de\u00a0 <em>Caetano Veloso y Gilberto Gil<\/em>, pero <strong>Aznar<\/strong> suma trabajos originales de contempor\u00e1neos como <em>Lenine, Herbert Vianna y Cazuza <\/em><\/p>\n<p>El \u00e1lbum fue grabado en vivo en el <em>Teatro ND\/Ateneo<\/em> de Buenos Aires en febrero de 2005, y es una buena muestra de la madurez de Pedro como int\u00e9rprete, al ocuparse de un repertorio complejo.<\/p>\n<p>Explica el propio <strong>Aznar<\/strong>: <em>\u201cA partir de una invitaci\u00f3n del teatro ND\/Ateneo, que hizo un ciclo llamado \u201cIntimos\u201d, se me ocurri\u00f3 que era una buena oportunidad para presentar all\u00ed el trabajo tem\u00e1tico sobre Brasil, as\u00ed que fui a revisar mi archivo de versiones que tenia hechas desde hace tiempo, y las complet\u00e9 con algunas que hice especialmente para este trabajo\u201d<\/em>.\u00a0 El resultado es excelente, desde todo punto de vista.<\/p>\n<p><em><strong>M\u00fasicos:<\/strong><\/em><\/p>\n<p><strong>Pedro Aznar:<\/strong> voz, bajo, guitarras<br \/>\n<strong>Andr\u00e9s Beeuwsaert:<\/strong> teclados<br \/>\n<strong>Facundo Guevara:<\/strong> percusi\u00f3n<br \/>\n<strong>Juan Cruz Urquiza:<\/strong> trompeta<\/p>\n<p>***<\/p>\n<p><a href=\"http:\/\/www.megaupload.com\/?d=8MHFNGHO\"><strong>Aqu\u00ed<\/strong><\/a><\/p>\n<p><a href=\"http:\/\/www.megaupload.com\/?d=3Z3U7XEF\"><strong>Aqu\u00ed<\/strong><\/a><\/p>\n<p><a href=\"http:\/\/www.megaupload.com\/?d=1PE73O6V\"><strong>Aqu\u00ed<\/strong><\/a><\/p>\n<p>***<\/p>\n","protected":false},"excerpt":{"rendered":"<p>Si hay algo dificil, es traducir un tema de otro idioma al castellano y hacer que suene natural y no como una traducci\u00f3n literal. Pedro Aznar demuestra en este trabajo que domina ese terreno como pocos, apropi\u00e1ndose de los temas hasta el punto que parecen de su propia autor\u00eda. El recorrido abarca no s\u00f3lo a [&hellip;]<\/p>\n","protected":false},"author":5,"featured_media":0,"comment_status":"open","ping_status":"open","sticky":false,"template":"","format":"standard","meta":{"footnotes":""},"categories":[477],"tags":[389,12,37,46],"class_list":["post-4629","post","type-post","status-publish","format-standard","hentry","category-pedro-aznar","tag-argentina","tag-brasil","tag-folk","tag-jazz-fusion"],"_links":{"self":[{"href":"https:\/\/pandc.10z.com.ar\/index.php?rest_route=\/wp\/v2\/posts\/4629","targetHints":{"allow":["GET"]}}],"collection":[{"href":"https:\/\/pandc.10z.com.ar\/index.php?rest_route=\/wp\/v2\/posts"}],"about":[{"href":"https:\/\/pandc.10z.com.ar\/index.php?rest_route=\/wp\/v2\/types\/post"}],"author":[{"embeddable":true,"href":"https:\/\/pandc.10z.com.ar\/index.php?rest_route=\/wp\/v2\/users\/5"}],"replies":[{"embeddable":true,"href":"https:\/\/pandc.10z.com.ar\/index.php?rest_route=%2Fwp%2Fv2%2Fcomments&post=4629"}],"version-history":[{"count":0,"href":"https:\/\/pandc.10z.com.ar\/index.php?rest_route=\/wp\/v2\/posts\/4629\/revisions"}],"wp:attachment":[{"href":"https:\/\/pandc.10z.com.ar\/index.php?rest_route=%2Fwp%2Fv2%2Fmedia&parent=4629"}],"wp:term":[{"taxonomy":"category","embeddable":true,"href":"https:\/\/pandc.10z.com.ar\/index.php?rest_route=%2Fwp%2Fv2%2Fcategories&post=4629"},{"taxonomy":"post_tag","embeddable":true,"href":"https:\/\/pandc.10z.com.ar\/index.php?rest_route=%2Fwp%2Fv2%2Ftags&post=4629"}],"curies":[{"name":"wp","href":"https:\/\/api.w.org\/{rel}","templated":true}]}}