{"id":4619,"date":"2011-06-15T01:05:42","date_gmt":"2011-06-15T04:05:42","guid":{"rendered":"http:\/\/pandc.10z.com.ar\/?p=4619"},"modified":"2011-06-15T01:06:27","modified_gmt":"2011-06-15T04:06:27","slug":"pedro-aznar-mudras-canciones-de-a-dos-2003","status":"publish","type":"post","link":"https:\/\/pandc.10z.com.ar\/?p=4619","title":{"rendered":"Pedro Aznar &#8211; Mudras (Canciones de a Dos) (2003)"},"content":{"rendered":"<p style=\"text-align: center;\"><a href=\"https:\/\/pandc.10z.com.ar\/wp-content\/img\/mudrasfront.jpg\" target=\"_blank\"><img loading=\"lazy\" decoding=\"async\" class=\"aligncenter\" src=\"https:\/\/pandc.10z.com.ar\/wp-content\/img\/mudrasfront.jpg\" alt=\"\" width=\"400\" height=\"400\" \/><\/a><\/p>\n<p style=\"text-align: center;\"><a href=\"https:\/\/pandc.10z.com.ar\/wp-content\/img\/mudrasback.jpg\" target=\"_blank\"><img loading=\"lazy\" decoding=\"async\" class=\"aligncenter\" src=\"https:\/\/pandc.10z.com.ar\/wp-content\/img\/mudrasback.jpg\" alt=\"\" width=\"400\" height=\"330\" \/><\/a><\/p>\n<p style=\"text-align: left;\"><strong>Pedro Aznar<\/strong> naci\u00f3 el 23 de julio de 1959 en\u00a0 la ciudad de Buenos Aires, Argentina. A los 9 a\u00f1os empez\u00f3 a estudiar guitarra cl\u00e1sica y con tan s\u00f3lo 15 a\u00f1os integr\u00f3 la banda de rock progresivo <em>\u201cMadre At\u00f3mica\u201d<\/em>. En 1977 fue convocado por Gustavo Moretto para formar <em>\u201cAlas\u201d<\/em>. \u00a0 En 1978, despu\u00e9s de la desintegraci\u00f3n de <em>Alas<\/em>, realiza algunas grabaciones con otras bandas experimentando con el bajo fretless (sin trastes), hasta que <strong>Charly Garc\u00eda<\/strong> lo invit\u00f3 a integrar el grupo <strong>Ser\u00fa Gir\u00e1n<\/strong> (junto con el guitarrista <strong>David Leb\u00f3n<\/strong> y el baterista rosarino <strong>Oscar Moro<\/strong>), la cual ser\u00e1 la banda de rock m\u00e1s influyente de la d\u00e9cada y una de las m\u00e1s importantes de todo el rock argentino.\u00a0 En 1980 <strong>Ser\u00fa Gir\u00e1n<\/strong> recibi\u00f3 invitaciones para tocar en el exterior, como el <em>Rio Monterey Jazz Festival<\/em> en R\u00edo de Janeiro.\u00a0 All\u00ed tuvo su primer y breve contacto con el guitarrista estadounidense <strong>Pat Metheny<\/strong>, quien un a\u00f1o despu\u00e9s lo llam\u00f3 a su casa en Argentina y lo invit\u00f3 a formar parte del <em>Pat Metheny Group<\/em>, grupo del que particip\u00f3 durante varios a\u00f1os y con el que gan\u00f3 varios premios <em>Grammy<\/em> (1984, 1985, 1989 y 1993), estando al tope de la lista de mejores bajistas del mundo.<br \/>\nLuego de dejar el grupo de <strong>Metheny<\/strong>,\u00a0<strong> Aznar<\/strong> volvi\u00f3 a la Argentina; musicaliz\u00f3 pel\u00edculas y grab\u00f3 varios discos solistas de inmensa calidad, actividad que contin\u00faa en el presente.<\/p>\n<p><strong>***<\/strong><\/p>\n<p>Dentro de la discograf\u00eda de <strong>Pedro Aznar<\/strong>, este es uno de mis discos favoritos. S\u00ed, es un disco de d\u00faos, pero no en el sentido tradicional y mec\u00e1nico que esa definici\u00f3n suele dar.\u00a0 <strong>Aznar<\/strong> recorri\u00f3 en su carrera previa a este disco much\u00edsimos g\u00e9neros musicales: desde el rock progresivo de sus comienzos, el rock argentino en <em>Ser\u00fa Gir\u00e1n<\/em>, el jazz de <em>Pat Metheny<\/em>, el folklore y la m\u00fasica \u00e9tnica.\u00a0 Este trabajo \u2013injustamente dejado de lado en el mercado argentino- es una muestra de su versatilidad y de su excelencia en todas esas facetas.\u00a0 <em>\u201cLas Mudras son un antigu\u00edsimo lenguaje gestual de las manos que, como un sello, simbolizanla relaci\u00f3n del hombre con la Divinidad y facilitan y potencian la\u00a0 meditaci\u00f3n y la oraci\u00f3n\u201d<\/em>, aclara <strong>Aznar<\/strong> en el libro interno del CD. Y la cita sirve para comprender\u00a0 a\u00fan mejor el sentido de este trabajo.<\/p>\n<p>Claro que, adem\u00e1s, el plus est\u00e1 en los compa\u00f1eros elegidos para cada canci\u00f3n en especial. Una elecci\u00f3n que no fue al azar\u00a0 y que, a su vez, nos permite disfrutar de m\u00fasicos y cantantes de excepci\u00f3n junto a <strong>Pedro<\/strong>, grabando en sus lugares de or\u00edgen.\u00a0 As\u00ed, el track que abre el disco, junto a <em>Takamasa Segi<\/em> fue grabado en los estudios Terra, en Tokyo. <em>\u201cTres notas para decir te quiero\u201d<\/em>, uno de los puntos altos del disco, es una canci\u00f3n de <em>Vicente Amigo <\/em>que, adem\u00e1s, toca la guitarra, y que fue grabado en los estudios Filigrana de C\u00f3rdoba, Espa\u00f1a. .. y as\u00ed los escenarios van rotando entre Per\u00fa (<em>Eva Ayll\u00f3n<\/em>), Brasil (<em>Gal Costa<\/em>), y Buenos Aires, entre otros.<\/p>\n<p>Un disco delicioso con un final especial. Sobre <em>\u201cTomorrow never knows\u201d<\/em>, de<em> Lennon-Mc.Cartney<\/em>, el propio <strong>Aznar<\/strong> dice en\u00a0 el booklet:\u00a0 <em>\u201cLennon quer\u00eda grabarla cantando suspendido en el aire girando, invirtiendo el concepto de pasar el sonido de su voz por un parante giratorio (que\u00a0 que es lo que finalmente qued\u00f3 registrado en \u201cRevolver\u201d). Para esta versi\u00f3n se grab\u00f3 seg\u00fan su idea original\u201d<\/em>.\u00a0 Para ello se vali\u00f3 de la colaboraci\u00f3n del grupo <strong>De La Guarda<\/strong> y sus especialistas en cuestiones acrob\u00e1ticas, montando el arn\u00e9s en el estudio de grabaci\u00f3n.<\/p>\n<p><em><strong>Tracklist:<\/strong><\/em><\/p>\n<p style=\"text-align: left;\">\n<p style=\"text-align: left;\"><strong>01.\u00a0\u00a0 \u00a0Oraci\u00f3n (Takamasa Segi &#8211; Pedro Aznar)<\/strong><br \/>\n<em>Pedro Aznar: <\/em>voz, teclados<br \/>\n<em>Takamasa segi:<\/em> Zampo\u00f1as<br \/>\n<em>Gen Negabara:<\/em> percusi\u00f3n<br \/>\n<em>Masato Sakamoto:<\/em> bajo<br \/>\n<em>Masakiro Sayama: <\/em>piano<br \/>\n<em>Taroma Koshida:<\/em> guitarra<\/p>\n<p style=\"text-align: left;\"><strong> <\/strong><br \/>\n<strong>02.\u00a0\u00a0 \u00a0Tres notas para decir te quiero (Vicente Amigo)<\/strong><br \/>\n<em>Vicente Amigo: <\/em>guitarra<br \/>\n<em>Pedro Aznar:<\/em> voz<br \/>\n<em>Alfredo Paixao:<\/em> bajo<br \/>\n<em>Rafael Gonz\u00e1lez:<\/em> teclados<br \/>\n<em>Minu Cinela:<\/em> bater\u00eda, percusi\u00f3n<\/p>\n<p><strong>03.\u00a0\u00a0 \u00a0El Beso (Lucho Gonz\u00e1lez &#8211; Pedro Aznar)<\/strong><br \/>\n<em>Eva Ayll\u00f3n:<\/em> voz<br \/>\n<em>Pedro Aznar: <\/em>voz<br \/>\n<em>Felipe Pumarada:<\/em> bajo<br \/>\n<em>Gigio Parodi:<\/em> caj\u00f3n<br \/>\n<em>Hugo Alc\u00e1zar: <\/em>redoblante<br \/>\n<em>Ram\u00f3n Rodr\u00edguez: <\/em>mandolina<br \/>\n<em>Marcelo Moguilevsky: <\/em>arm\u00f3nica<\/p>\n<p><strong>04.\u00a0\u00a0 \u00a0Amor de juventud (Pedro Aznar)<\/strong><br \/>\n<em>Gal Costa: <\/em>voz<br \/>\n<em>Pedro Aznar: <\/em>voz, bajo<br \/>\n<em>Celso Fonseca:<\/em> guitarra<br \/>\n<em>Paulinho Calasans: <\/em>teclados<br \/>\n<em>Jarim Moreira:<\/em> bater\u00eda<\/p>\n<p><strong>05.\u00a0\u00a0 \u00a0Subte (V\u00edctor Ramil)<\/strong><br \/>\n<em>Victor Ramil: <\/em>voz, coros<br \/>\n<em>Pedro Aznar: <\/em>voz, bajo, guitarra de 12 cuerdas, guitarra el\u00e9ctrica, teclados, coros<br \/>\n<em>Santiago V\u00e1zquez:<\/em> bater\u00eda y percusi\u00f3n<\/p>\n<p><strong>06.\u00a0\u00a0 \u00a0Reviens (Hugo Fattoruso &#8211; M.A. Rota)<\/strong><br \/>\n<em>Hugo Fattoruso: <\/em>acorde\u00f3n<br \/>\n<em>Pedro Aznar:<\/em> guitarra, voz<\/p>\n<p><strong>07.\u00a0\u00a0 \u00a0D\u00e9jame entrar (Pedro Aznar)<\/strong><br \/>\n<em>Adri\u00e1n Iaies:<\/em> piano<br \/>\n<em>Pedro Aznar: <\/em>voz, guitarra<\/p>\n<p><strong>08.\u00a0\u00a0 \u00a0J.C. (Lito Epumer)<\/strong><br \/>\n<em>Lito Epumer: <\/em>guitarra<br \/>\n<em>Pedro Aznar: <\/em>voz, bajo, caja<br \/>\n<em>Abel Rogantini:<\/em> piano<br \/>\n<em>Cristian Jurducha:<\/em> caja, platillos<\/p>\n<p><strong>09.\u00a0\u00a0 \u00a0Insensatez (Antonio Carlos Jobim &#8211; Vinicius de Moraes)<\/strong><br \/>\n<em>Cecilia Echenique:<\/em> voz<br \/>\n<em>Pedro Aznar: <\/em>voz, bajo<br \/>\n<em>Jorge D\u00edaz: <\/em>guitarras<br \/>\n<em>Ramiro Musotto: <\/em>tambor\u00edn<br \/>\n<strong><br \/>\n10.\u00a0\u00a0 \u00a0Farewell (poema: Pablo Neruda- M\u00fasica: Sergio Gonz\u00e1lez)<\/strong><br \/>\nGrupo Congreso:<br \/>\n<em>Ra\u00fal Aliaga:<\/em> marimba<br \/>\n<em>Sergio Gonz\u00e1lez: <\/em>bater\u00eda<br \/>\n<em>Jaime Atenas: <\/em>saxo soprano<br \/>\n<em>Sebaistian Almarza: <\/em>piano<br \/>\n<em>Hugo Pirovich:<\/em> flauta<br \/>\n<em>Pedro Aznar: <\/em>voz<\/p>\n<p><strong>11.\u00a0\u00a0 \u00a0Romance de la luna tucumana (Atahualpa Yupanqui &#8211; Pedro Aznar)<\/strong><br \/>\n<em>Mercedes Sosa:<\/em> voz<br \/>\n<em>Pedro Aznar:<\/em> voz, contrabajo<br \/>\n<em>Popi Spatocco:<\/em> piano<br \/>\n<strong><br \/>\n12.\u00a0\u00a0 \u00a0En la sombra del agua (Alejandro Filio)<\/strong><br \/>\n<em>Alejandro Filio: <\/em>voz, guitarras<br \/>\n<em>Pedro Aznar: <\/em>voz, bajo, piano<\/p>\n<p><strong>13.\u00a0\u00a0 \u00a0Tomorrow never knows (John Lennon &#8211; Paul Mc.Cartney)<\/strong><br \/>\n<em>Pedro Aznar:<\/em> voz<br \/>\n<em>Santiago V\u00e1zquez, Lucas Helguero, Alejandro Oliva y Santiago Micael:<\/em> percusi\u00f3n<br \/>\n<em>Antonio Macchiarola y Fernando Di\u00e9guez:<\/em> violoncello<br \/>\n<em>Javier Waintraub y Miriam Gandarillas: <\/em>violines<br \/>\n<em>Alejandro Franov:<\/em> tambora<br \/>\n<em>Julio Saggio: <\/em>canto de arm\u00f3nica<\/p>\n<p>***<\/p>\n<p><a href=\"http:\/\/www.megaupload.com\/?d=9D0BQB9P\"><strong>Aqu\u00ed<\/strong><\/a><\/p>\n<p>***<\/p>\n","protected":false},"excerpt":{"rendered":"<p>Pedro Aznar naci\u00f3 el 23 de julio de 1959 en\u00a0 la ciudad de Buenos Aires, Argentina. A los 9 a\u00f1os empez\u00f3 a estudiar guitarra cl\u00e1sica y con tan s\u00f3lo 15 a\u00f1os integr\u00f3 la banda de rock progresivo \u201cMadre At\u00f3mica\u201d. En 1977 fue convocado por Gustavo Moretto para formar \u201cAlas\u201d. \u00a0 En 1978, despu\u00e9s de la [&hellip;]<\/p>\n","protected":false},"author":5,"featured_media":0,"comment_status":"open","ping_status":"open","sticky":false,"template":"","format":"standard","meta":{"footnotes":""},"categories":[477],"tags":[389,12,151,20,46,41,39],"class_list":["post-4619","post","type-post","status-publish","format-standard","hentry","category-pedro-aznar","tag-argentina","tag-brasil","tag-flamenco","tag-inglaterra","tag-jazz-fusion","tag-pop","tag-rock"],"_links":{"self":[{"href":"https:\/\/pandc.10z.com.ar\/index.php?rest_route=\/wp\/v2\/posts\/4619","targetHints":{"allow":["GET"]}}],"collection":[{"href":"https:\/\/pandc.10z.com.ar\/index.php?rest_route=\/wp\/v2\/posts"}],"about":[{"href":"https:\/\/pandc.10z.com.ar\/index.php?rest_route=\/wp\/v2\/types\/post"}],"author":[{"embeddable":true,"href":"https:\/\/pandc.10z.com.ar\/index.php?rest_route=\/wp\/v2\/users\/5"}],"replies":[{"embeddable":true,"href":"https:\/\/pandc.10z.com.ar\/index.php?rest_route=%2Fwp%2Fv2%2Fcomments&post=4619"}],"version-history":[{"count":0,"href":"https:\/\/pandc.10z.com.ar\/index.php?rest_route=\/wp\/v2\/posts\/4619\/revisions"}],"wp:attachment":[{"href":"https:\/\/pandc.10z.com.ar\/index.php?rest_route=%2Fwp%2Fv2%2Fmedia&parent=4619"}],"wp:term":[{"taxonomy":"category","embeddable":true,"href":"https:\/\/pandc.10z.com.ar\/index.php?rest_route=%2Fwp%2Fv2%2Fcategories&post=4619"},{"taxonomy":"post_tag","embeddable":true,"href":"https:\/\/pandc.10z.com.ar\/index.php?rest_route=%2Fwp%2Fv2%2Ftags&post=4619"}],"curies":[{"name":"wp","href":"https:\/\/api.w.org\/{rel}","templated":true}]}}