{"id":4597,"date":"2018-10-18T00:58:29","date_gmt":"2018-10-18T03:58:29","guid":{"rendered":"http:\/\/pandc.10z.com.ar\/?p=4597"},"modified":"2018-10-18T17:47:39","modified_gmt":"2018-10-18T20:47:39","slug":"milva-svegliando-lamante-che-dorme-una-historia-inventada-1989","status":"publish","type":"post","link":"https:\/\/pandc.10z.com.ar\/?p=4597","title":{"rendered":"Milva &#8211; Svegliando L&#8217;Amante Che Dorme \/ Una Historia Inventada (1989)"},"content":{"rendered":"<p style=\"text-align: center;\"><a href=\"https:\/\/pandc.10z.com.ar\/wp-content\/img\/svegliandofront.jpg\" target=\"_blank\"><img loading=\"lazy\" decoding=\"async\" class=\"aligncenter\" src=\"https:\/\/pandc.10z.com.ar\/wp-content\/img\/svegliandofront.jpg\" alt=\"\" width=\"400\" height=\"400\" \/><\/a><\/p>\n<p style=\"text-align: center;\"><a href=\"https:\/\/pandc.10z.com.ar\/wp-content\/img\/svegliandoback.jpg\" target=\"_blank\"><\/a><a href=\"https:\/\/pandc.10z.com.ar\/wp-content\/img\/historiainventadafront.jpg\" target=\"_blank\"><img loading=\"lazy\" decoding=\"async\" class=\"aligncenter\" src=\"https:\/\/pandc.10z.com.ar\/wp-content\/img\/historiainventadafront.jpg\" alt=\"\" width=\"400\" height=\"400\" \/><\/a><br \/>\n<a href=\"https:\/\/pandc.10z.com.ar\/wp-content\/img\/svegliandoback.jpg\" target=\"_blank\"><img loading=\"lazy\" decoding=\"async\" class=\"aligncenter\" src=\"https:\/\/pandc.10z.com.ar\/wp-content\/img\/svegliandoback.jpg\" alt=\"\" width=\"400\" height=\"400\" \/><\/a><\/p>\n<p style=\"text-align: left;\"><em>\u201cSvegliando l&#8217;amante che dorme\u201d<\/em> fue publicado en 1989.\u00a0 El disco fue editado en Italia con s\u00f3lo 8 tracks, mientras que para su edici\u00f3n en Alemania y Espa\u00f1a inclu\u00eda dos temas mas: <em>\u201cVia lattea\u201d<\/em> y <em>\u201cCentro di gravit\u00e1 permanente<\/em>\u201d, este \u00faltimo cantada a d\u00fao con <em>Juri Camisasca<\/em> y una breve intervenci\u00f3n de <em>Battiato<\/em> al final.\u00a0 En su versi\u00f3n espa\u00f1ola, sin embargo, no todos los temas ven\u00edan cantados en espa\u00f1ol, con lo que los dos antemencionados y\u00a0 <em>\u201cUn angelo del rock\u201d<\/em>, tambi\u00e9n est\u00e1n en italiano.<\/p>\n<p>Es un disco que vale la pena descubrir para aquellos que no lo conozcan desde su edici\u00f3n original, en el que <strong>Franco Battiato<\/strong> firma la mayor\u00eda de los temas, produce el disco y lo arregla, participando adem\u00e1s los m\u00fasicos que lo acompa\u00f1aban en ese tiempo en el disco y el tour de <em>\u201cFisiognomica\u201d,<\/em> con el aditamento de <em>Juri Camisasca<\/em>, autor tambi\u00e9n de algunos temas.\u00a0 <strong>Milva<\/strong>, con su habitual potencia vocal camale\u00f3nica, se adapta perfectamente a las canciones incluso a las que no parecieran escritas para que ella las cante, logrando una interpretaci\u00f3n francamente destacable.\u00a0 <strong>El post contiene las dos versiones del \u00e1lbum, y en la versi\u00f3n italiana incluye los dos tracks que originalmente no formaron parte de la edici\u00f3n (aunque s\u00ed en la internacional).<\/strong><\/p>\n<p><em><strong>M\u00fasicos:<\/strong><\/em><\/p>\n<p><strong>Franco Battiato:<\/strong> voz, arreglos, direcci\u00f3n<br \/>\n<strong>Luigi Cappellotto: <\/strong>bajo<br \/>\n<strong>Flaviano Cuffari:<\/strong> bater\u00eda<br \/>\n<strong>Ricky Balloni: <\/strong>guitarra, coros<br \/>\n<strong>Filippo Destrieri: <\/strong>teclados, computer<br \/>\n<strong>Giusto P\u00edo:<\/strong> viol\u00edn, arreglos<br \/>\n<strong>Giancarlo Porro:<\/strong> saxo tenor<br \/>\n<strong>Claudio Allifranchini:<\/strong> saxo alto<br \/>\n<strong>Moreno Fassi:<\/strong> tromb\u00f3n<br \/>\n<strong>Fernando Brusco: <\/strong>trompetas<br \/>\n<strong>Roberto Juri Camisasca:<\/strong> voz, coros<\/p>\n<p>***********<\/p>\n<p><a href=\"https:\/\/yadi.sk\/d\/VaEoQWgv_lkQjQ\" target=\"_blank\"><strong>Descarga directa<\/strong><\/a><\/p>\n<p>***********<\/p>\n","protected":false},"excerpt":{"rendered":"<p>\u201cSvegliando l&#8217;amante che dorme\u201d fue publicado en 1989.\u00a0 El disco fue editado en Italia con s\u00f3lo 8 tracks, mientras que para su edici\u00f3n en Alemania y Espa\u00f1a inclu\u00eda dos temas mas: \u201cVia lattea\u201d y \u201cCentro di gravit\u00e1 permanente\u201d, este \u00faltimo cantada a d\u00fao con Juri Camisasca y una breve intervenci\u00f3n de Battiato al final.\u00a0 En [&hellip;]<\/p>\n","protected":false},"author":2,"featured_media":0,"comment_status":"open","ping_status":"open","sticky":false,"template":"","format":"standard","meta":{"footnotes":""},"categories":[4,253],"tags":[3,41],"class_list":["post-4597","post","type-post","status-publish","format-standard","hentry","category-franco-battiato","category-milva","tag-italia","tag-pop"],"_links":{"self":[{"href":"https:\/\/pandc.10z.com.ar\/index.php?rest_route=\/wp\/v2\/posts\/4597","targetHints":{"allow":["GET"]}}],"collection":[{"href":"https:\/\/pandc.10z.com.ar\/index.php?rest_route=\/wp\/v2\/posts"}],"about":[{"href":"https:\/\/pandc.10z.com.ar\/index.php?rest_route=\/wp\/v2\/types\/post"}],"author":[{"embeddable":true,"href":"https:\/\/pandc.10z.com.ar\/index.php?rest_route=\/wp\/v2\/users\/2"}],"replies":[{"embeddable":true,"href":"https:\/\/pandc.10z.com.ar\/index.php?rest_route=%2Fwp%2Fv2%2Fcomments&post=4597"}],"version-history":[{"count":0,"href":"https:\/\/pandc.10z.com.ar\/index.php?rest_route=\/wp\/v2\/posts\/4597\/revisions"}],"wp:attachment":[{"href":"https:\/\/pandc.10z.com.ar\/index.php?rest_route=%2Fwp%2Fv2%2Fmedia&parent=4597"}],"wp:term":[{"taxonomy":"category","embeddable":true,"href":"https:\/\/pandc.10z.com.ar\/index.php?rest_route=%2Fwp%2Fv2%2Fcategories&post=4597"},{"taxonomy":"post_tag","embeddable":true,"href":"https:\/\/pandc.10z.com.ar\/index.php?rest_route=%2Fwp%2Fv2%2Ftags&post=4597"}],"curies":[{"name":"wp","href":"https:\/\/api.w.org\/{rel}","templated":true}]}}