{"id":4529,"date":"2011-05-27T00:35:02","date_gmt":"2011-05-27T03:35:02","guid":{"rendered":"http:\/\/pandc.10z.com.ar\/?p=4529"},"modified":"2011-05-27T21:48:31","modified_gmt":"2011-05-28T00:48:31","slug":"ive-mendes-ive-mendes-2004","status":"publish","type":"post","link":"https:\/\/pandc.10z.com.ar\/?p=4529","title":{"rendered":"Ive Mendes \u2013 Ive Mendes (2004)"},"content":{"rendered":"<p style=\"text-align: center;\"><a href=\"https:\/\/pandc.10z.com.ar\/wp-content\/img\/Ive1.jpg\" target=\"_blank\"><img loading=\"lazy\" decoding=\"async\" class=\"aligncenter\" title=\"ive1\" src=\"https:\/\/pandc.10z.com.ar\/wp-content\/img\/Ive1.jpg\" alt=\"\" width=\"400\" height=\"400\" \/><\/a><\/p>\n<p style=\"text-align: center;\"><a href=\"https:\/\/pandc.10z.com.ar\/wp-content\/img\/Ive2.jpg\" target=\"_blank\"><img loading=\"lazy\" decoding=\"async\" class=\"aligncenter\" title=\"ive2\" src=\"https:\/\/pandc.10z.com.ar\/wp-content\/img\/Ive2.jpg\" alt=\"\" width=\"400\" height=\"320\" \/><\/a><\/p>\n<p style=\"text-align: center;\"><a href=\"https:\/\/pandc.10z.com.ar\/wp-content\/img\/Ive3.jpg\" target=\"_blank\"><img loading=\"lazy\" decoding=\"async\" class=\"aligncenter\" title=\"ive3\" src=\"https:\/\/pandc.10z.com.ar\/wp-content\/img\/Ive3.jpg\" alt=\"\" width=\"400\" height=\"400\" \/><\/a><\/p>\n<p>Ive Mendes naci\u00f3 en Goi\u00e1s, en la ciudad de Ceres, entre Bras\u00edlia y Goi\u00e2nia, cerca de la finca de sus padres, donde pas\u00f3 toda su infancia apasionada por los caballos y la m\u00fasica, ya que cantaba en la iglesia protestane local. Como era tradici\u00f3n en su familia paterna, aprendi\u00f3 a tocar piano desde los nueve a\u00f1os, como todos sus primos y t\u00edas. Ive, tiene un origen muy mezclado, siendo por parte de su padre de ascendencia franc\u00e9s, espa\u00f1ol e italiana, y de su madre, portugueses e ind\u00edgena.<br \/>\nDescubierta por el productor britanico Robin Millar (productor de entre otros Sade y Everithing But The Girl) Ive Mendes se nos muestra como una cantante y compositora capaz de mezclar las m\u00fasicas tradicionales brasile\u00f1as con el nuevo soul moderno o el nuevo movimiento ac\u00fastico ingl\u00e9s, a pesar de que ella se muestra mas c\u00f3moda en las canciones donde pesa mas la tradici\u00f3n de su pa\u00eds que en otras donde los arreglos mas al gusto occidental descompensan el resultado como en el caso de \u201cAnother Way\u201d y \u201cAfternoon\u201d. Todo y as\u00ed su primer disco es una delicia donde el murmullo de su voz se convierte en una cascada arrolladora de sensaciones.<br \/>\nPorque escuchar ese delicado sonido del mar al principio de \u201cA Beira Mar\u201d te traslada mentalmente a cualquier playa brasile\u00f1a y solo te queda dejarte mecer por sus preciosistas y deliciosos arreglos, as\u00ed como esa guitarra espa\u00f1ola que acompa\u00f1a a la melanc\u00f3lica y maravillosa \u201cCasticais\u201d te remite a los antepasados espa\u00f1oles de Ive. Y mi preferida \u00abLua\u00bb, una pieza encantadora!<br \/>\nEl disco se completa con una fant\u00e1stica versi\u00f3n de \u201cIf You Leave Me Now\u201d y dos remezclas a cargo de Tomas Schummacher y Hopper de \u201cNight Night\u201d y \u201cNatural High\u201d muy al gusto de la escena Nu Jazz londinense.<\/p>\n<p>***<\/p>\n<p><strong>Tracklis:<\/strong><\/p>\n<p>01. Natural High<br \/>\n02. Blessed Love<br \/>\n03. If You Leave Me Now<br \/>\n04. Nao Vou Fugir<br \/>\n05. Night Night<br \/>\n06. Another Way<br \/>\n07. A Beira Mar<br \/>\n08. Afternoon<br \/>\n09. Voce<br \/>\n10. Lua<br \/>\n11. Casticais<br \/>\n12. Salto<br \/>\n13. Night Night Schumacher Mix<br \/>\n14. Natural High Hopper Mix<\/p>\n<p>***<\/p>\n<p><a href=\"http:\/\/www.megaupload.com\/?d=Q7C8OSJS\">Aqu\u00ed<\/a><\/p>\n<p><a href=\"http:\/\/www.megaupload.com\/?d=7GUZFKOL\">Aqu\u00ed<\/a><\/p>\n<p>***<\/p>\n","protected":false},"excerpt":{"rendered":"<p>Ive Mendes naci\u00f3 en Goi\u00e1s, en la ciudad de Ceres, entre Bras\u00edlia y Goi\u00e2nia, cerca de la finca de sus padres, donde pas\u00f3 toda su infancia apasionada por los caballos y la m\u00fasica, ya que cantaba en la iglesia protestane local. Como era tradici\u00f3n en su familia paterna, aprendi\u00f3 a tocar piano desde los nueve [&hellip;]<\/p>\n","protected":false},"author":4,"featured_media":0,"comment_status":"open","ping_status":"open","sticky":false,"template":"","format":"standard","meta":{"footnotes":""},"categories":[475],"tags":[12],"class_list":["post-4529","post","type-post","status-publish","format-standard","hentry","category-ive-mendes","tag-brasil"],"_links":{"self":[{"href":"https:\/\/pandc.10z.com.ar\/index.php?rest_route=\/wp\/v2\/posts\/4529","targetHints":{"allow":["GET"]}}],"collection":[{"href":"https:\/\/pandc.10z.com.ar\/index.php?rest_route=\/wp\/v2\/posts"}],"about":[{"href":"https:\/\/pandc.10z.com.ar\/index.php?rest_route=\/wp\/v2\/types\/post"}],"author":[{"embeddable":true,"href":"https:\/\/pandc.10z.com.ar\/index.php?rest_route=\/wp\/v2\/users\/4"}],"replies":[{"embeddable":true,"href":"https:\/\/pandc.10z.com.ar\/index.php?rest_route=%2Fwp%2Fv2%2Fcomments&post=4529"}],"version-history":[{"count":0,"href":"https:\/\/pandc.10z.com.ar\/index.php?rest_route=\/wp\/v2\/posts\/4529\/revisions"}],"wp:attachment":[{"href":"https:\/\/pandc.10z.com.ar\/index.php?rest_route=%2Fwp%2Fv2%2Fmedia&parent=4529"}],"wp:term":[{"taxonomy":"category","embeddable":true,"href":"https:\/\/pandc.10z.com.ar\/index.php?rest_route=%2Fwp%2Fv2%2Fcategories&post=4529"},{"taxonomy":"post_tag","embeddable":true,"href":"https:\/\/pandc.10z.com.ar\/index.php?rest_route=%2Fwp%2Fv2%2Ftags&post=4529"}],"curies":[{"name":"wp","href":"https:\/\/api.w.org\/{rel}","templated":true}]}}