{"id":4525,"date":"2021-04-28T16:35:00","date_gmt":"2021-04-28T19:35:00","guid":{"rendered":"http:\/\/pandc.10z.com.ar\/?p=4525"},"modified":"2021-04-28T16:34:25","modified_gmt":"2021-04-28T19:34:25","slug":"mina-dalla-bussola-live-1972","status":"publish","type":"post","link":"https:\/\/pandc.10z.com.ar\/?p=4525","title":{"rendered":"Mina &#8211; Dalla Bussola (Live 1972)"},"content":{"rendered":"<p style=\"text-align: center;\"><a href=\"https:\/\/pandc.10z.com.ar\/wp-content\/img\/bussoladvdfront.jpg\" target=\"_blank\" rel=\"noopener\"><img loading=\"lazy\" decoding=\"async\" class=\"aligncenter\" src=\"https:\/\/pandc.10z.com.ar\/wp-content\/img\/bussoladvdfront.jpg\" alt=\"\" width=\"400\" height=\"544\"><\/a><\/p>\n<p style=\"text-align: center;\"><a href=\"https:\/\/pandc.10z.com.ar\/wp-content\/img\/buss01.jpg\" target=\"_blank\" rel=\"noopener\"><img loading=\"lazy\" decoding=\"async\" class=\"aligncenter\" src=\"https:\/\/pandc.10z.com.ar\/wp-content\/img\/buss01.jpg\" alt=\"\" width=\"400\" height=\"310\"><\/a><\/p>\n<p style=\"text-align: center;\"><a href=\"https:\/\/pandc.10z.com.ar\/wp-content\/img\/buss02.jpg\" target=\"_blank\" rel=\"noopener\"><img loading=\"lazy\" decoding=\"async\" class=\"aligncenter\" src=\"https:\/\/pandc.10z.com.ar\/wp-content\/img\/buss02.jpg\" alt=\"\" width=\"400\" height=\"310\"><\/a><\/p>\n<p style=\"text-align: center;\"><a href=\"https:\/\/pandc.10z.com.ar\/wp-content\/img\/buss03.jpg\" target=\"_blank\" rel=\"noopener\"><img loading=\"lazy\" decoding=\"async\" class=\"aligncenter\" src=\"https:\/\/pandc.10z.com.ar\/wp-content\/img\/buss03.jpg\" alt=\"\" width=\"400\" height=\"310\"><\/a><\/p>\n<p style=\"text-align: left;\">Aqu\u00ed podemos ver a <strong>Mina<\/strong> en acci\u00f3n, en aquel m\u00edtico concierto en <strong>La Bussolla<\/strong>. La orquesta que la acompa\u00f1a en los shows estaba integrada por excelentes m\u00fasicos,&nbsp; la mayor\u00eda provenientes del jazz, como<em> Oscar Valdambrini, Gianni Basso, Dino Piana, Antonello Vannucchi, Silvano Cimenti y Al Korvin<\/em>, todos dirigidos por <strong>Gianni Ferrio<\/strong>.&nbsp; En la noche del 16 de septiembre de 1972 se registra su actuaci\u00f3n que, finalmente, ser\u00e1 el \u00fanico concierto de <strong>Mina<\/strong> del que existe un registro f\u00edlmico, editado en DVD en 2003, con la curatela de <em>Sergio Bernardini y Elio Gigante<\/em>.&nbsp; No hab\u00eda por la \u00e9poca grandes efectos especiales, pero esta actuaci\u00f3n es un hito en la m\u00fasica popular italiana.<\/p>\n<p>***<\/p>\n<p><a href=\"https:\/\/disk.yandex.ru\/d\/-xR5FGdXHVLeLA\" target=\"_blank\" rel=\"noopener\"><strong>Descarga directa<\/strong><\/a><\/p>\n<p>***<\/p>\n","protected":false},"excerpt":{"rendered":"<p>Aqu\u00ed podemos ver a Mina en acci\u00f3n, en aquel m\u00edtico concierto en La Bussolla. La orquesta que la acompa\u00f1a en los shows estaba integrada por excelentes m\u00fasicos,&nbsp; la mayor\u00eda provenientes del jazz, como Oscar Valdambrini, Gianni Basso, Dino Piana, Antonello Vannucchi, Silvano Cimenti y Al Korvin, todos dirigidos por Gianni Ferrio.&nbsp; En la noche del [&hellip;]<\/p>\n","protected":false},"author":5,"featured_media":0,"comment_status":"open","ping_status":"open","sticky":false,"template":"","format":"standard","meta":{"footnotes":""},"categories":[14],"tags":[3,26,41,474,220],"class_list":["post-4525","post","type-post","status-publish","format-standard","hentry","category-mina","tag-italia","tag-jazz","tag-pop","tag-video","tag-vocal"],"_links":{"self":[{"href":"https:\/\/pandc.10z.com.ar\/index.php?rest_route=\/wp\/v2\/posts\/4525","targetHints":{"allow":["GET"]}}],"collection":[{"href":"https:\/\/pandc.10z.com.ar\/index.php?rest_route=\/wp\/v2\/posts"}],"about":[{"href":"https:\/\/pandc.10z.com.ar\/index.php?rest_route=\/wp\/v2\/types\/post"}],"author":[{"embeddable":true,"href":"https:\/\/pandc.10z.com.ar\/index.php?rest_route=\/wp\/v2\/users\/5"}],"replies":[{"embeddable":true,"href":"https:\/\/pandc.10z.com.ar\/index.php?rest_route=%2Fwp%2Fv2%2Fcomments&post=4525"}],"version-history":[{"count":1,"href":"https:\/\/pandc.10z.com.ar\/index.php?rest_route=\/wp\/v2\/posts\/4525\/revisions"}],"predecessor-version":[{"id":6375,"href":"https:\/\/pandc.10z.com.ar\/index.php?rest_route=\/wp\/v2\/posts\/4525\/revisions\/6375"}],"wp:attachment":[{"href":"https:\/\/pandc.10z.com.ar\/index.php?rest_route=%2Fwp%2Fv2%2Fmedia&parent=4525"}],"wp:term":[{"taxonomy":"category","embeddable":true,"href":"https:\/\/pandc.10z.com.ar\/index.php?rest_route=%2Fwp%2Fv2%2Fcategories&post=4525"},{"taxonomy":"post_tag","embeddable":true,"href":"https:\/\/pandc.10z.com.ar\/index.php?rest_route=%2Fwp%2Fv2%2Ftags&post=4525"}],"curies":[{"name":"wp","href":"https:\/\/api.w.org\/{rel}","templated":true}]}}