{"id":4463,"date":"2011-05-10T15:05:32","date_gmt":"2011-05-10T18:05:32","guid":{"rendered":"http:\/\/pandc.10z.com.ar\/?p=4463"},"modified":"2011-05-10T15:05:32","modified_gmt":"2011-05-10T18:05:32","slug":"djavan-matizes-2007","status":"publish","type":"post","link":"https:\/\/pandc.10z.com.ar\/?p=4463","title":{"rendered":"Djavan &#8211; Matizes  (2007)"},"content":{"rendered":"<p style=\"text-align: center;\"><a href=\"https:\/\/pandc.10z.com.ar\/wp-content\/img\/matizesfront.jpg\" target=\"_blank\"><img loading=\"lazy\" decoding=\"async\" class=\"aligncenter\" src=\"https:\/\/pandc.10z.com.ar\/wp-content\/img\/matizesfront.jpg\" alt=\"\" width=\"400\" height=\"400\" \/><\/a><\/p>\n<p style=\"text-align: left;\"><strong>Djavan<\/strong> tiene una marca personal inconfundible en todas sus facetas: como int\u00e9rprete, autor, compositor y arreglador. Y esa es la primera impresi\u00f3n que uno tiene al escuchar este disco, el d\u00e9cimo octavo trabajo de su carrera y el m\u00e1s radicalmente autoral de todos.<\/p>\n<p>El comienzo es con <em>\u201cJoaninha\u201d<\/em>, un cl\u00e1sico instant\u00e1neo con armon\u00edas complejas y melod\u00eda original. <em>\u201cDelirio dos mortais\u201d<\/em> y <em>\u201cMatizes\u201d <\/em>son excelentes incursi\u00f3nes de <strong>Djavan <\/strong>en el samba brasile\u00f1o, en tanto que <em>\u201cDesandou\u201d<\/em> es un t\u00edpico <em>\u201cblues de Djavan\u201d<\/em> que, a mi gusto, es el momento m\u00e1s alto del disco. Una obra en plena madurez de <strong>Djavan<\/strong> en todas sus facetas.<\/p>\n<p><strong>M\u00fasicos:<\/strong><\/p>\n<p><strong>Djavan:<\/strong> guitarra, voz<br \/>\n<strong>Renato Fonseca:<\/strong> teclados<br \/>\n<strong>Fran\u00e7ois de LIma:<\/strong> tromb\u00f3n<br \/>\n<strong>Joao Viana:<\/strong> bater\u00eda<br \/>\n<strong>Marcelo Martins:<\/strong> saxo tenor<br \/>\n<strong>Max Viana:<\/strong> guitarra<br \/>\n<strong>Sergio Carvalho:<\/strong> bajo el\u00e9ctrico<br \/>\n<strong>Walmir de Almeida Gil:<\/strong> trompeta<\/p>\n<p><strong>Tracklist:<\/strong><\/p>\n<p>01. Joaninha<br \/>\n02. Azedo e Amargo<br \/>\n03. Mea &#8211; Culpa<br \/>\n04. Imposto<br \/>\n05. Delirio dos Mortais<br \/>\n06. Lou\u00e7a Fina<br \/>\n07. Matizes<br \/>\n08. Por uma vida em paz<br \/>\n09. Desandou<br \/>\n10. Adorava me ver como seu<br \/>\n11. Pedra<br \/>\n12. Fera<\/p>\n<p>***<\/p>\n<p><a href=\"http:\/\/www.megaupload.com\/?d=TKKKS4F4\"><strong>Aqu\u00ed<\/strong><\/a><\/p>\n<p><a href=\"http:\/\/www.megaupload.com\/?d=PXPJK8GX\"><strong>Aqu\u00ed<\/strong><\/a><\/p>\n<p>***<\/p>\n","protected":false},"excerpt":{"rendered":"<p>Djavan tiene una marca personal inconfundible en todas sus facetas: como int\u00e9rprete, autor, compositor y arreglador. Y esa es la primera impresi\u00f3n que uno tiene al escuchar este disco, el d\u00e9cimo octavo trabajo de su carrera y el m\u00e1s radicalmente autoral de todos. El comienzo es con \u201cJoaninha\u201d, un cl\u00e1sico instant\u00e1neo con armon\u00edas complejas y [&hellip;]<\/p>\n","protected":false},"author":5,"featured_media":0,"comment_status":"open","ping_status":"open","sticky":false,"template":"","format":"standard","meta":{"footnotes":""},"categories":[197],"tags":[12],"class_list":["post-4463","post","type-post","status-publish","format-standard","hentry","category-djavan","tag-brasil"],"_links":{"self":[{"href":"https:\/\/pandc.10z.com.ar\/index.php?rest_route=\/wp\/v2\/posts\/4463","targetHints":{"allow":["GET"]}}],"collection":[{"href":"https:\/\/pandc.10z.com.ar\/index.php?rest_route=\/wp\/v2\/posts"}],"about":[{"href":"https:\/\/pandc.10z.com.ar\/index.php?rest_route=\/wp\/v2\/types\/post"}],"author":[{"embeddable":true,"href":"https:\/\/pandc.10z.com.ar\/index.php?rest_route=\/wp\/v2\/users\/5"}],"replies":[{"embeddable":true,"href":"https:\/\/pandc.10z.com.ar\/index.php?rest_route=%2Fwp%2Fv2%2Fcomments&post=4463"}],"version-history":[{"count":0,"href":"https:\/\/pandc.10z.com.ar\/index.php?rest_route=\/wp\/v2\/posts\/4463\/revisions"}],"wp:attachment":[{"href":"https:\/\/pandc.10z.com.ar\/index.php?rest_route=%2Fwp%2Fv2%2Fmedia&parent=4463"}],"wp:term":[{"taxonomy":"category","embeddable":true,"href":"https:\/\/pandc.10z.com.ar\/index.php?rest_route=%2Fwp%2Fv2%2Fcategories&post=4463"},{"taxonomy":"post_tag","embeddable":true,"href":"https:\/\/pandc.10z.com.ar\/index.php?rest_route=%2Fwp%2Fv2%2Ftags&post=4463"}],"curies":[{"name":"wp","href":"https:\/\/api.w.org\/{rel}","templated":true}]}}