{"id":445,"date":"2019-05-30T01:27:16","date_gmt":"2019-05-30T04:27:16","guid":{"rendered":"http:\/\/pandc.10z.com.ar\/?p=445"},"modified":"2020-03-31T19:39:56","modified_gmt":"2020-03-31T22:39:56","slug":"rita-pavone-rita-por-siempre-p-c-2009","status":"publish","type":"post","link":"https:\/\/pandc.10z.com.ar\/?p=445","title":{"rendered":"Rita Pavone &#8211; Rita Por Siempre P.&#038;C. (2009)"},"content":{"rendered":"<p><a href=\"https:\/\/pandc.10z.com.ar\/wp-content\/uploads\/2009\/07\/FRONT3.jpg\"><img loading=\"lazy\" decoding=\"async\" class=\"aligncenter size-full wp-image-443\" title=\"FRONT\" src=\"https:\/\/pandc.10z.com.ar\/wp-content\/uploads\/Small\/FRONT3.jpg\" alt=\"FRONT\" width=\"400\" height=\"400\"><\/a><\/p>\n<p><a href=\"https:\/\/pandc.10z.com.ar\/wp-content\/uploads\/2009\/07\/RETRO3.jpg\"><img loading=\"lazy\" decoding=\"async\" class=\"aligncenter size-full wp-image-444\" title=\"RETRO\" src=\"https:\/\/pandc.10z.com.ar\/wp-content\/uploads\/Small\/RETRO3.jpg\" alt=\"RETRO\" width=\"400\" height=\"320\"><\/a><\/p>\n<p><a href=\"https:\/\/pandc.10z.com.ar\/wp-content\/uploads\/2009\/07\/Cd2.jpg\"><img loading=\"lazy\" decoding=\"async\" class=\"aligncenter size-full wp-image-442\" title=\"Cd\" src=\"https:\/\/pandc.10z.com.ar\/wp-content\/uploads\/Small\/Cd2.jpg\" alt=\"Cd\" width=\"400\" height=\"400\"><\/a><\/p>\n<p>En 1962, en Italia, se desencaden\u00f3 un tornado: naci\u00f3 artisticamente Rita Pavone. Diecisiete a\u00f1os, pelirroja, pecosa, chiquitita&#8230;pero enorme en talento, voz y ganas de cantar. Y en poqu\u00edsimo tiempo hab\u00eda conquistado el coraz\u00f3n de grandes y peque\u00f1os. Encantaba de igual manera a ni\u00f1os, padres, abuelos de toda clase social, cosa que ni siquiera Mina, Milva o la Zanicchi lograron. Su primer sencillo \u00abLa Partita Di Pallone\u00bb, bati\u00f3 records de venta, con m\u00e1s de un mill\u00f3n de copias en poco tiempo. El segundo disco, \u00abCome Te Non C&#8217;\u00e8 Nessuno\u00bb, le otorg\u00f3 el reconocimiento del p\u00fablico internacional, con extraordinaria repercusi\u00f3n en Alemania, Espa\u00f1a, Brasil, Argentina e incluso en Jap\u00f3n. Interpret\u00f3 sus \u00e9xitos en alem\u00e1n, ingl\u00e9s y espa\u00f1ol, lo que aument\u00f3 a\u00fan m\u00e1s su popularidad internacional y asegur\u00f3 el \u00e9xito de sus giras, que tuvieron su punto culminante con una notable presentaci\u00f3n en el show de Ed Sullivan.<br \/>\nHe querido reunir aqu\u00ed todos los temas que poseo de la Pavone cantando en espa\u00f1ol. Dos de ello, \u00abDesde mi alcoba\u00bb y \u00abEl resfriado\u00bb son cantados en vivo en una transmisi\u00f3n televisiva en Espa\u00f1a en el a\u00f1o 1968.<\/p>\n<p>Una compilaci\u00f3n exclusiva de P.&amp;C., gr\u00e1fica incluida, para que disfruten de esta peque\u00f1a enorme artista.<\/p>\n<p>***<\/p>\n<p><strong>Tracklist:<\/strong><\/p>\n<p>01. Coraz\u00f3n (Cuore)<br \/>\n02. Monta\u00f1as Verdes (Montagne verdi)<br \/>\n03. Como tu no hay ninguno (Come te non c&#8217;\u00e8 nessuno)<br \/>\n04. Que me importa el mundo (Che m&#8217;importa del mondo)<br \/>\n05. Ay muchacho (Ahi, ahi, ragazzo)<br \/>\n06. El partido de futbol (La Partita di pallone)<br \/>\n07. Fort\u00edsimo (Fortissimo)<br \/>\n08. \u00c9l (Lui)<br \/>\n09. Viva la papa con tomate (Viva la pappa col pomodoro)<br \/>\n10. Ten cuidado con lo que haces<br \/>\n11. Esta tarde (Stasera con te)<br \/>\n12. Maria Luisa<br \/>\n13. San Francisco de Asis 1380 (San Francesco)<br \/>\n14. Amigos no (Amici mai)<br \/>\n15. A mi edad (Alla mia et\u00e0)<br \/>\n16. Desde mi alcoba (Nella mia stanza) &#8211; Live<br \/>\n17. El resfriado (Il raffreddore) &#8211; Live<br \/>\n18. Te imploro amor (L&#8217;amore mio)<br \/>\n19. Yo que te quiero (Io che amo solo te)<br \/>\n20. Ay muchacho (vers.2)<br \/>\n21. Coraz\u00f3n (vers.2)<br \/>\n22. Que me importa el mundo (vers.2)<\/p>\n<p>***********<\/p>\n<p><a href=\"https:\/\/yadi.sk\/d\/FMhN1rPslr5QMA\" target=\"_blank\" rel=\"noopener noreferrer\">Descarga directa<\/a><\/p>\n<p><a href=\"https:\/\/pandc.10z.com.ar\/downloads\/Rita Pavone - Rita Por Siempre P.&amp;C. (2009).rar\" target=\"_blank\" rel=\"noopener noreferrer\">Descarga local<\/a><\/p>\n<p>***********<\/p>\n","protected":false},"excerpt":{"rendered":"<p>En 1962, en Italia, se desencaden\u00f3 un tornado: naci\u00f3 artisticamente Rita Pavone. Diecisiete a\u00f1os, pelirroja, pecosa, chiquitita&#8230;pero enorme en talento, voz y ganas de cantar. Y en poqu\u00edsimo tiempo hab\u00eda conquistado el coraz\u00f3n de grandes y peque\u00f1os. Encantaba de igual manera a ni\u00f1os, padres, abuelos de toda clase social, cosa que ni siquiera Mina, Milva [&hellip;]<\/p>\n","protected":false},"author":4,"featured_media":0,"comment_status":"open","ping_status":"open","sticky":false,"template":"","format":"standard","meta":{"footnotes":""},"categories":[87],"tags":[3],"class_list":["post-445","post","type-post","status-publish","format-standard","hentry","category-rita-pavone","tag-italia"],"_links":{"self":[{"href":"https:\/\/pandc.10z.com.ar\/index.php?rest_route=\/wp\/v2\/posts\/445","targetHints":{"allow":["GET"]}}],"collection":[{"href":"https:\/\/pandc.10z.com.ar\/index.php?rest_route=\/wp\/v2\/posts"}],"about":[{"href":"https:\/\/pandc.10z.com.ar\/index.php?rest_route=\/wp\/v2\/types\/post"}],"author":[{"embeddable":true,"href":"https:\/\/pandc.10z.com.ar\/index.php?rest_route=\/wp\/v2\/users\/4"}],"replies":[{"embeddable":true,"href":"https:\/\/pandc.10z.com.ar\/index.php?rest_route=%2Fwp%2Fv2%2Fcomments&post=445"}],"version-history":[{"count":0,"href":"https:\/\/pandc.10z.com.ar\/index.php?rest_route=\/wp\/v2\/posts\/445\/revisions"}],"wp:attachment":[{"href":"https:\/\/pandc.10z.com.ar\/index.php?rest_route=%2Fwp%2Fv2%2Fmedia&parent=445"}],"wp:term":[{"taxonomy":"category","embeddable":true,"href":"https:\/\/pandc.10z.com.ar\/index.php?rest_route=%2Fwp%2Fv2%2Fcategories&post=445"},{"taxonomy":"post_tag","embeddable":true,"href":"https:\/\/pandc.10z.com.ar\/index.php?rest_route=%2Fwp%2Fv2%2Ftags&post=445"}],"curies":[{"name":"wp","href":"https:\/\/api.w.org\/{rel}","templated":true}]}}