{"id":4428,"date":"2011-05-01T00:33:04","date_gmt":"2011-05-01T03:33:04","guid":{"rendered":"http:\/\/pandc.10z.com.ar\/?p=4428"},"modified":"2011-05-01T00:33:04","modified_gmt":"2011-05-01T03:33:04","slug":"cantoamerica-vientos-del-caribe-2007","status":"publish","type":"post","link":"https:\/\/pandc.10z.com.ar\/?p=4428","title":{"rendered":"Cantoam\u00e9rica &#8211; Vientos del Caribe (2007)"},"content":{"rendered":"<p style=\"text-align: center;\"><a href=\"https:\/\/pandc.10z.com.ar\/wp-content\/img\/cantoamerica1.jpg\" target=\"_blank\"><img loading=\"lazy\" decoding=\"async\" class=\"aligncenter\" title=\"canto1\" src=\"https:\/\/pandc.10z.com.ar\/wp-content\/img\/cantoamerica1.jpg\" alt=\"\" width=\"400\" height=\"400\" \/><\/a><\/p>\n<p style=\"text-align: center;\"><a href=\"https:\/\/pandc.10z.com.ar\/wp-content\/img\/cantoamerica2.jpg\" target=\"_blank\"><img loading=\"lazy\" decoding=\"async\" class=\"aligncenter\" title=\"canto2\" src=\"https:\/\/pandc.10z.com.ar\/wp-content\/img\/cantoamerica2.jpg\" alt=\"\" width=\"400\" height=\"400\" \/><\/a><\/p>\n<p style=\"text-align: center;\"><a href=\"https:\/\/pandc.10z.com.ar\/wp-content\/img\/cantoamerica3.jpg\" target=\"_blank\"><img loading=\"lazy\" decoding=\"async\" class=\"aligncenter\" title=\"canto3\" src=\"https:\/\/pandc.10z.com.ar\/wp-content\/img\/cantoamerica3.jpg\" alt=\"\" width=\"400\" height=\"400\" \/><\/a><\/p>\n<p style=\"text-align: justify;\">\n<p>\u00abVientos del Caribe\u00bb re\u00fane lo mejor del repertorio de Cantoam\u00e9rica un grupo que se ha nutrido de los vientos y los ritmos del Caribe para brindarnos sus versiones cien por ciento bailables de son, bolero y calypso-salsa.<\/p>\n<p>Cantoam\u00e9rica se funda en 1980 como parte de un proceso musical que en Costa Rica surge en la d\u00e9cada de los a\u00f1os 70 y que canalizaba la inquietud de j\u00f3venes compositores y m\u00fasicos populares por expresar y explorar en sus canciones tem\u00e1ticas m\u00e1s variadas y m\u00e1s profundas que las t\u00edpicas de la canci\u00f3n comercial. Dentro del marco de la Nueva Canci\u00f3n Latinoamericana, Cantoam\u00e9rica comienza una b\u00fasqueda de m\u00fasicas, sonidos y tem\u00e1ticas ligadas a las identidades costarricenses. As\u00ed su director y compositor principal, Manuel Monestel, en sus inicios musicaliza poemas de autores nacionales como Virginia Grutter, Abel Pacheco y Jorge DeBravo, para continuar luego con sus propias letras, sin dejar de lado la rica y variada poes\u00eda costarricense.<\/p>\n<p>Surge en los primeros a\u00f1os de esa d\u00e9cada, la inquietud por conocer e integrar la m\u00fasica del Caribe Costarricense y as\u00ed se establece una relaci\u00f3n con el calypso limonense y con el autor Walter Ferguson que perdura hasta hoy. Los calypsos limonenses pasan entonces a formar parte integral de repertorio.<br \/>\nEl grupo original fundado por Manuel Monestel, Bernal Monestel, Rodrigo Salas, Roberto Huertas, Carlos Saavedra y con la participaci\u00f3n espor\u00e1dica de Fidel Gamboa, Ivan Rodriguez y Eddie Mora, se establece finalmente con la inclusi\u00f3n de Emiliano Arriaga en el bajo y Vivian L\u00f3pez en la flauta.<\/p>\n<p>El calypso limonense constituye la plataforma para elaborar repertorios llenos de ritmo y percusi\u00f3n que fusionan distintas corrientes musicales caribe\u00f1as con el criollo calypso.<br \/>\nLas letras cantadas en espa\u00f1ol y en ingl\u00e9s caribe\u00f1o representan una acci\u00f3n innovadora en el marco de la canci\u00f3n popular costarricense. Por primera vez, se reconocen los cantos limonenses desde la perspectiva cultural de San Jos\u00e9.<\/p>\n<p>Cantoam\u00e9rica ha sido una especie de taller permanente donde m\u00fasicos j\u00f3venes intercambian con m\u00fasicos experimentados en una suerte de fusi\u00f3n de ideas y de sonoridades. As\u00ed , han pasado por el grupo reconocidos m\u00fasicos como Pepe Chac\u00f3n, Tapado Vargas, Edin Sol\u00eds, Rams\u00e9s Araya, Carl\u00edn Castro, Walter Flores, Alfredo Poveda, Ricardo Alvarado, Marcial Flores, Denis Fallas, Carlos del Pino, Ricardo Molina, Hector Murillo, Sergio Chavarr\u00eda, Jose Soto, Andr\u00e9s Cervilla, fEmanuel Campos, Carla Rojas, y otras y otros cuyo n\u00famero supera los cincuenta.<br \/>\nEn sus m\u00faltiples giras internacionales ha interactuado con artistas como Mercedes Sosa, Silvio Rodriguez, Pablo Milan\u00e9s, Andr\u00e9s Jim\u00e9nez, Mapey\u00e9, Lord Protector, Pete Seeger, Vicente Feli\u00fa, Gabino Palomares, Tito Fern\u00e1ndez El Temucano, Guillermo Anderson, Duo Guardabarranco, Luis Enrique Mej\u00eda Godoy, Quilapay\u00fan, Daniel Viglietti, Carlos Porcel Nahuel,Chico Buarque, Phillip Glass, Lord Protector, Piero, Roberto Carlos, Esteban Monge, Adrian Goizueta, R\u00f3mulo Castro, Editus, Guadalupe Urbina, Manuel Obreg\u00f3n, Carlos Varela, Harry Belafonte, Oscar Chaves, Jaime Roos y Quinteto Tiempo.<br \/>\nActualmente el grupo est\u00e1 integrado por Manuel Monestel en la guitarra y la voz, Marvin Brenes en el bajo, Rafa Vargas, Momo Valverde y Marco Naranjo en la percusi\u00f3n, Marisel Torres y Alfredo Chavarr\u00eda en los trombones, Abi Huertas en la flauta y Alonso Torres en los teclados.<\/p>\n<p>***<\/p>\n<p><strong>Tracklist:<\/strong><\/p>\n<p>01. Calaloo<br \/>\n02. Mar\u00eda Calypso<br \/>\n03. Cuesta Este Oficio<br \/>\n04. Palal\u00e9 Pot<br \/>\n05. Seguir\u00e1 el Amor<br \/>\n06. Tacuma and Anansi\u00e2&#8217;s Party<br \/>\n07. Si Tuvieras<br \/>\n08. One Carnaval Day<br \/>\n09. Por Las Calles de La Vida<br \/>\n10. El Espejo<br \/>\n11. Cabin in the Water<br \/>\n12. Land Lady<br \/>\n13. La Senda Es Larga<\/p>\n<p>***<\/p>\n<p><a href=\"http:\/\/www.megaupload.com\/?d=8IBE79RG\">Aqu\u00ed<\/a><\/p>\n<p><a href=\"http:\/\/www.megaupload.com\/?d=D77411U7\">Aqu\u00ed<\/a><\/p>\n<p>***<\/p>\n","protected":false},"excerpt":{"rendered":"<p>\u00abVientos del Caribe\u00bb re\u00fane lo mejor del repertorio de Cantoam\u00e9rica un grupo que se ha nutrido de los vientos y los ritmos del Caribe para brindarnos sus versiones cien por ciento bailables de son, bolero y calypso-salsa. Cantoam\u00e9rica se funda en 1980 como parte de un proceso musical que en Costa Rica surge en la [&hellip;]<\/p>\n","protected":false},"author":4,"featured_media":0,"comment_status":"open","ping_status":"open","sticky":false,"template":"","format":"standard","meta":{"footnotes":""},"categories":[462],"tags":[378,463,116],"class_list":["post-4428","post","type-post","status-publish","format-standard","hentry","category-cantoamerica","tag-calypso","tag-costa-rica","tag-salsa"],"_links":{"self":[{"href":"https:\/\/pandc.10z.com.ar\/index.php?rest_route=\/wp\/v2\/posts\/4428","targetHints":{"allow":["GET"]}}],"collection":[{"href":"https:\/\/pandc.10z.com.ar\/index.php?rest_route=\/wp\/v2\/posts"}],"about":[{"href":"https:\/\/pandc.10z.com.ar\/index.php?rest_route=\/wp\/v2\/types\/post"}],"author":[{"embeddable":true,"href":"https:\/\/pandc.10z.com.ar\/index.php?rest_route=\/wp\/v2\/users\/4"}],"replies":[{"embeddable":true,"href":"https:\/\/pandc.10z.com.ar\/index.php?rest_route=%2Fwp%2Fv2%2Fcomments&post=4428"}],"version-history":[{"count":0,"href":"https:\/\/pandc.10z.com.ar\/index.php?rest_route=\/wp\/v2\/posts\/4428\/revisions"}],"wp:attachment":[{"href":"https:\/\/pandc.10z.com.ar\/index.php?rest_route=%2Fwp%2Fv2%2Fmedia&parent=4428"}],"wp:term":[{"taxonomy":"category","embeddable":true,"href":"https:\/\/pandc.10z.com.ar\/index.php?rest_route=%2Fwp%2Fv2%2Fcategories&post=4428"},{"taxonomy":"post_tag","embeddable":true,"href":"https:\/\/pandc.10z.com.ar\/index.php?rest_route=%2Fwp%2Fv2%2Ftags&post=4428"}],"curies":[{"name":"wp","href":"https:\/\/api.w.org\/{rel}","templated":true}]}}