{"id":4269,"date":"2011-04-15T10:38:13","date_gmt":"2011-04-15T13:38:13","guid":{"rendered":"http:\/\/pandc.10z.com.ar\/?p=4269"},"modified":"2011-04-15T10:38:13","modified_gmt":"2011-04-15T13:38:13","slug":"elizete-elizeth-cardoso-cancao-do-amor-demais-1958","status":"publish","type":"post","link":"https:\/\/pandc.10z.com.ar\/?p=4269","title":{"rendered":"Elizete (Elizeth) Cardoso &#8211; Can\u00e7\u00e3o Do Amor Demais (1958)"},"content":{"rendered":"<p style=\"text-align: center;\"><a href=\"https:\/\/pandc.10z.com.ar\/wp-content\/img\/EliCancao1.jpg\" target=\"_blank\"><img loading=\"lazy\" decoding=\"async\" class=\"aligncenter\" title=\"eli1\" src=\"https:\/\/pandc.10z.com.ar\/wp-content\/img\/EliCancao1.jpg\" alt=\"\" width=\"400\" height=\"400\" \/><\/a><\/p>\n<p style=\"text-align: center;\">\n<p style=\"text-align: center;\"><a href=\"https:\/\/pandc.10z.com.ar\/wp-content\/img\/EliCancao2.jpg\" target=\"_blank\"><img loading=\"lazy\" decoding=\"async\" class=\"aligncenter\" title=\"eli2\" src=\"https:\/\/pandc.10z.com.ar\/wp-content\/img\/EliCancao2.jpg\" alt=\"\" width=\"400\" height=\"400\" \/><\/a><\/p>\n<p style=\"text-align: justify;\">Grabado dos a\u00f1os despu\u00e9s del estreno de \u00abOrfeu da Concei\u00e7\u00e3o\u00bb, que marc\u00f3 el inicio de la colaboraci\u00f3n de Tom y Vinicius, \u00abCan\u00e7\u00e3o do Amor Demais\u00bb es, como dice el poeta en el texto de la tapa, \u00bbla mayor prueba que podemos dar de la sinceridad de esta amistad y esta asociaci\u00f3n. Desde las sambas Orfeu da Concei\u00e7\u00e3o, han sido las pocas veces que, de un encuentro m\u00edo con el maestro, no resulte alguna nueva composici\u00f3n, as\u00ed que creo que ese es el verdadero lenguaje de nuestra relaci\u00f3n .(&#8230;) Incluso es posible que todo esto se debe al hecho de que \u00e9l cree en la poes\u00eda de la m\u00fasica y creo en la m\u00fasica de la poes\u00eda\u00bb.<br \/>\nGrabado con un arreglo orquestal altamente sofisticados, como explic\u00f3 el periodista S\u00e9rgio Augusto en Jobim Songbook (2000), formada por instrumentos (trompeta, oboe, arpa, fagot, clarinete bajo) rara vez utilizados para acompa\u00f1ar m\u00fasica popular, \u00abCan\u00e7\u00e3o do Amor Demais\u00bb cont\u00f3 con la participaci\u00f3n muy especial &#8211; en dos temas (Chega de Saudade y Outra Vez) &#8211; de un baiano llamado Joao Gilberto, cuya guitarra no ten\u00eda igual, y del que se oir\u00eda hablar mucho en loa meses, a\u00f1os y d\u00e9cadas siguientes .\u00bb<br \/>\nAdem\u00e1s de Joao Gilberto, Tom Jobim, tambi\u00e9n eligi\u00f3 a otros m\u00fasicos de su preferencia, como el flautista Copinha, los trombonistas Ga\u00facho y Maciel, la chelista Nidia Soledad y el baterista Juca Stockler. El repertorio incluye nueve canciones de Jobim y Vinicius (Chega de Saudade, Caminho de Pedra, Luciana, Janelas Abertas, Eu n\u00e3o Existo sem Voc\u00ea, Estrada Branca &#8211; s\u00f3lo con Elizete y Tom en el piano &#8211; Vida Bela, Modinha, Can\u00e7\u00e3o do Amor Demais), dos de Tom (As Praias Desertas y Outra Vez) y dos Vinicius (Serenata do Adeus e Medo de Amar).<br \/>\nA excepci\u00f3n de Outra Vez y Eu n\u00e3o Existo sem Voc\u00ea, todas eran in\u00e9ditas.<\/p>\n<p>***<\/p>\n<p><strong>Tracklist:<\/strong><\/p>\n<p>01. Chega De Saudade (Tom Jobim &amp; Vinicius de Moraes)<br \/>\n02. Serenata Do Adeus (Vinicius de Moraes)<br \/>\n03. As Praias Desertas (Tom Jobim)<br \/>\n04. Caminho De Pedra (Tom Jobim &amp; Vinicius de Moraes)<br \/>\n05. Luciana (Tom Jobim &amp; Vinicius de Moraes)<br \/>\n06. Janelas Abertas (Tom Jobim &amp; Vinicius de Moraes)<br \/>\n07. Eu N\u00e3o Existo Sem Voc\u00ea (Tom Jobim &amp; Vinicius de Moraes)<br \/>\n08. Outra Vez\u00a0 (Tom Jobim)<br \/>\n09. Medo De Amar (Vinicius de Moraes)<br \/>\n10. Estrada Branca (Tom Jobim &amp; Vinicius de Moraes)<br \/>\n11. Vida Bela (Tom Jobim &amp; Vinicius de Moraes)<br \/>\n12. Modinha (Tom Jobim &amp; Vinicius de Moraes)<br \/>\n13. Can\u00e7\u00e3o Do Amor Demais (Tom Jobim &amp; Vinicius de Moraes)<\/p>\n<p>***<\/p>\n<p><a href=\"http:\/\/www.megaupload.com\/?d=EMUK6N8G\">Aqu\u00ed<\/a><\/p>\n<p>***<\/p>\n","protected":false},"excerpt":{"rendered":"<p>Grabado dos a\u00f1os despu\u00e9s del estreno de \u00abOrfeu da Concei\u00e7\u00e3o\u00bb, que marc\u00f3 el inicio de la colaboraci\u00f3n de Tom y Vinicius, \u00abCan\u00e7\u00e3o do Amor Demais\u00bb es, como dice el poeta en el texto de la tapa, \u00bbla mayor prueba que podemos dar de la sinceridad de esta amistad y esta asociaci\u00f3n. Desde las sambas Orfeu [&hellip;]<\/p>\n","protected":false},"author":4,"featured_media":0,"comment_status":"open","ping_status":"open","sticky":false,"template":"","format":"standard","meta":{"footnotes":""},"categories":[455],"tags":[12],"class_list":["post-4269","post","type-post","status-publish","format-standard","hentry","category-elizete-cardoso","tag-brasil"],"_links":{"self":[{"href":"https:\/\/pandc.10z.com.ar\/index.php?rest_route=\/wp\/v2\/posts\/4269","targetHints":{"allow":["GET"]}}],"collection":[{"href":"https:\/\/pandc.10z.com.ar\/index.php?rest_route=\/wp\/v2\/posts"}],"about":[{"href":"https:\/\/pandc.10z.com.ar\/index.php?rest_route=\/wp\/v2\/types\/post"}],"author":[{"embeddable":true,"href":"https:\/\/pandc.10z.com.ar\/index.php?rest_route=\/wp\/v2\/users\/4"}],"replies":[{"embeddable":true,"href":"https:\/\/pandc.10z.com.ar\/index.php?rest_route=%2Fwp%2Fv2%2Fcomments&post=4269"}],"version-history":[{"count":0,"href":"https:\/\/pandc.10z.com.ar\/index.php?rest_route=\/wp\/v2\/posts\/4269\/revisions"}],"wp:attachment":[{"href":"https:\/\/pandc.10z.com.ar\/index.php?rest_route=%2Fwp%2Fv2%2Fmedia&parent=4269"}],"wp:term":[{"taxonomy":"category","embeddable":true,"href":"https:\/\/pandc.10z.com.ar\/index.php?rest_route=%2Fwp%2Fv2%2Fcategories&post=4269"},{"taxonomy":"post_tag","embeddable":true,"href":"https:\/\/pandc.10z.com.ar\/index.php?rest_route=%2Fwp%2Fv2%2Ftags&post=4269"}],"curies":[{"name":"wp","href":"https:\/\/api.w.org\/{rel}","templated":true}]}}