{"id":4199,"date":"2011-04-09T11:09:13","date_gmt":"2011-04-09T14:09:13","guid":{"rendered":"http:\/\/pandc.10z.com.ar\/?p=4199"},"modified":"2011-04-09T11:09:13","modified_gmt":"2011-04-09T14:09:13","slug":"elizete-elizeth-cardoso-noturno-1957","status":"publish","type":"post","link":"https:\/\/pandc.10z.com.ar\/?p=4199","title":{"rendered":"Elizete (Elizeth) Cardoso &#8211; Noturno (1957)"},"content":{"rendered":"<p style=\"text-align: center;\"><a href=\"https:\/\/pandc.10z.com.ar\/wp-content\/img\/EliNoturno1.jpg\" target=\"_blank\"><img loading=\"lazy\" decoding=\"async\" class=\"aligncenter\" title=\"elinoturno1\" src=\"https:\/\/pandc.10z.com.ar\/wp-content\/img\/EliNoturno1.jpg\" alt=\"\" width=\"400\" height=\"400\" \/><\/a><\/p>\n<p style=\"text-align: center;\">\n<p style=\"text-align: center;\"><a href=\"https:\/\/pandc.10z.com.ar\/wp-content\/img\/EliNoturno2.jpg\" target=\"_blank\"><img loading=\"lazy\" decoding=\"async\" class=\"aligncenter\" title=\"elinoturno2\" src=\"https:\/\/pandc.10z.com.ar\/wp-content\/img\/EliNoturno2.jpg\" alt=\"\" width=\"400\" height=\"400\" \/><\/a><\/p>\n<p>Un Lp que es una p\u00e1gina de la historia de la m\u00fasica popular brasile\u00f1a. La m\u00e1s antigua de estas canciones quiz\u00e1s sea \u00abFeiti\u00e7o da Vila\u00bb (compuesta en 1934 por Noel Rosa) y fue ella la que marc\u00f3 una de las transformaciones radicales que sufri\u00f3 la m\u00fasica popular en esa \u00e9poca. Fue quiz\u00e1s el primer \u00e9xito lanzado por la entonces reci\u00e9n nacida radio en Brasil. En la preciosa voz de Elizete Cardoso se engarzan como joyas esas canciones de anta\u00f1o. Una voz maravillosa, c\u00e1lida y enternecedora como podr\u00e1n escuchar en este \u00abNocturno\u00bb.<\/p>\n<p>Elizeth (o Elizete) Moreira Cardoso (Rio de Janeiro, 16 de julio de 1920 &#8211; 7 de mayo de 1990) fue una famosa cantante brasile\u00f1a. Elizete, \u00abA Divina\u00bb, es considerada como una de las mayores int\u00e9rpretes de la canci\u00f3n brasile\u00f1a y una de las m\u00e1s talentosas cantantes de todos los tiempos, reverenciada por p\u00fablico y cr\u00edtica.<br \/>\nGrab\u00f3 su primer disco en 1950, un 78 revoluciones con las canciones \u00abBra\u00e7os vazios\u00bb y \u00abMensageiro da saudade\u00bb. Su primer \u00e9xito lleg\u00f3 con el segundo disco, \u00abCan\u00e7\u00e3o de amor\u00bb y \u00abComplexo\u00bb. El gran \u00e9xito de \u00abCan\u00e7\u00e3o de amor\u00bb le permiti\u00f3 aparecer en 1951 en el primer programa de TV Tuoi de Rio de Janeiro.<br \/>\nElizete, sin querer, contribuy\u00f3 de manera significativa a la explosi\u00f3n de la Bossa Nova, participando en 1958 en la banda sonora de la pel\u00edcula \u00abOrfeu Negro\u00bb en la que interpret\u00f3 \u00abManh\u00e3 de Carnaval\u00bb, grande \u00e9xito mundial.<\/p>\n<p>***<\/p>\n<p><strong>Tracklist:<\/strong><\/p>\n<p>01. Na Baixa do Sapateiro (Ary Barroso)<br \/>\n02. Risque (Ary Barroso)<br \/>\n03. Chove L\u00e1 Fora (Tito Madi)<br \/>\n04. Molambo (Jaime Florence \u00abMeira\u00bb \/ Augusto Mesquita)<br \/>\n05. Feiti\u00e7o da Vila (Vadico \/ Noel Rosa)<br \/>\n06. Noturno Em Tempo de Samba (Cust\u00f3dio Mesquita \/ Evaldo Ruy)<br \/>\n07. Se Todos Fossem Iguais a Voc\u00ea (Tom Jobim \/ Vinicius de Moraes)<br \/>\n08. Ch\u00e3o de Estrelas (Silvio Caldas \/ Orestes Barbosa)<br \/>\n09. Olhos Verdes (Vicente Paiva)<br \/>\n10. Promessa (Cust\u00f3dio Mesquita \/ Evaldo Ruy)<\/p>\n<p>***<\/p>\n<p><a href=\"http:\/\/www.megaupload.com\/?d=QVBB2CAX\">Aqu\u00ed<\/a><\/p>\n<p>***<\/p>\n","protected":false},"excerpt":{"rendered":"<p>Un Lp que es una p\u00e1gina de la historia de la m\u00fasica popular brasile\u00f1a. La m\u00e1s antigua de estas canciones quiz\u00e1s sea \u00abFeiti\u00e7o da Vila\u00bb (compuesta en 1934 por Noel Rosa) y fue ella la que marc\u00f3 una de las transformaciones radicales que sufri\u00f3 la m\u00fasica popular en esa \u00e9poca. Fue quiz\u00e1s el primer \u00e9xito [&hellip;]<\/p>\n","protected":false},"author":4,"featured_media":0,"comment_status":"open","ping_status":"open","sticky":false,"template":"","format":"standard","meta":{"footnotes":""},"categories":[455],"tags":[12],"class_list":["post-4199","post","type-post","status-publish","format-standard","hentry","category-elizete-cardoso","tag-brasil"],"_links":{"self":[{"href":"https:\/\/pandc.10z.com.ar\/index.php?rest_route=\/wp\/v2\/posts\/4199","targetHints":{"allow":["GET"]}}],"collection":[{"href":"https:\/\/pandc.10z.com.ar\/index.php?rest_route=\/wp\/v2\/posts"}],"about":[{"href":"https:\/\/pandc.10z.com.ar\/index.php?rest_route=\/wp\/v2\/types\/post"}],"author":[{"embeddable":true,"href":"https:\/\/pandc.10z.com.ar\/index.php?rest_route=\/wp\/v2\/users\/4"}],"replies":[{"embeddable":true,"href":"https:\/\/pandc.10z.com.ar\/index.php?rest_route=%2Fwp%2Fv2%2Fcomments&post=4199"}],"version-history":[{"count":0,"href":"https:\/\/pandc.10z.com.ar\/index.php?rest_route=\/wp\/v2\/posts\/4199\/revisions"}],"wp:attachment":[{"href":"https:\/\/pandc.10z.com.ar\/index.php?rest_route=%2Fwp%2Fv2%2Fmedia&parent=4199"}],"wp:term":[{"taxonomy":"category","embeddable":true,"href":"https:\/\/pandc.10z.com.ar\/index.php?rest_route=%2Fwp%2Fv2%2Fcategories&post=4199"},{"taxonomy":"post_tag","embeddable":true,"href":"https:\/\/pandc.10z.com.ar\/index.php?rest_route=%2Fwp%2Fv2%2Ftags&post=4199"}],"curies":[{"name":"wp","href":"https:\/\/api.w.org\/{rel}","templated":true}]}}