{"id":4104,"date":"2011-04-05T00:35:13","date_gmt":"2011-04-05T03:35:13","guid":{"rendered":"http:\/\/pandc.10z.com.ar\/?p=4104"},"modified":"2011-04-05T00:35:13","modified_gmt":"2011-04-05T03:35:13","slug":"gianni-pettenati-%e2%80%93-bandiera-gialla-y-mas-pc-2011","status":"publish","type":"post","link":"https:\/\/pandc.10z.com.ar\/?p=4104","title":{"rendered":"Gianni Pettenati \u2013 Bandiera Gialla y M\u00e1s&#8230; (P&#038;C 2011)"},"content":{"rendered":"<p style=\"text-align: center;\"><a href=\"https:\/\/pandc.10z.com.ar\/wp-content\/img\/pettenatifront.jpg\" target=\"_blank\"><img loading=\"lazy\" decoding=\"async\" class=\"aligncenter\" src=\"https:\/\/pandc.10z.com.ar\/wp-content\/img\/pettenatifront.jpg\" alt=\"\" width=\"400\" height=\"400\" \/><\/a><\/p>\n<p style=\"text-align: center;\"><a href=\"https:\/\/pandc.10z.com.ar\/wp-content\/img\/pettenatiback.jpg\" target=\"_blank\"><img loading=\"lazy\" decoding=\"async\" class=\"aligncenter\" src=\"https:\/\/pandc.10z.com.ar\/wp-content\/img\/pettenatiback.jpg\" alt=\"\" width=\"400\" height=\"340\" \/><\/a><\/p>\n<p style=\"text-align: center;\"><a href=\"https:\/\/pandc.10z.com.ar\/wp-content\/img\/pettenaticd.jpg\" target=\"_blank\"><img loading=\"lazy\" decoding=\"async\" class=\"aligncenter\" src=\"https:\/\/pandc.10z.com.ar\/wp-content\/img\/pettenaticd.jpg\" alt=\"\" width=\"400\" height=\"400\" \/><\/a><\/p>\n<p><strong>Gianni Pettenati<\/strong> naci\u00f3 en Piacenza el 29 de octubre de 1945 y es un cantante italiano que, adem\u00e1s, se ha desenvuelto como cr\u00edtico musical, dramaturgo y autor de varios libros sobre la historia de la m\u00fasica leggera italiana.<\/p>\n<p>A los seis a\u00f1os gan\u00f3 un concurso de cantantes, y dos a\u00f1os despu\u00e9s inicio sus estudios de musica que, finalmente, fue lo que lo hizo famoso en todo el mundo.\u00a0 A los 20 a\u00f1os gana el <em>Festival de Bellaria<\/em>, y pocos meses despu\u00e9s, en 1966,\u00a0 se une al grupo juvenil <em>\u201cThe Juniors\u201d.<\/em><\/p>\n<p>Fue justamente en 1966 cuando grab\u00f3 <em>\u201cBandiera gialla\u201d<\/em>, versi\u00f3n italiana de <em>\u201cThe Pied Piper\u201d<\/em> de <em>Artie Kornfeld y Steve Duboff<\/em>, su m\u00e1s grande \u00e9xito y a\u00fan hoy uno de los simples italianos m\u00e1s vendidos. En 1967 participa del festival de<em> Sanremo<\/em> con <em>\u201cLa rivoluzione\u201d (Mogol, Roberto Soffici)<\/em>, en <em>Un disco per l\u2019estate<\/em> con <em>\u201cIo credo in te\u201d(Gualtiero Malgoni, Vito Pallavicini, Bruno Pallesi)<\/em>, y en el <em>Cantagiro<\/em> con <em>\u201cUn cavallo e una testa\u201d (<\/em>escrita por <em>Paolo Conte). <\/em><\/p>\n<p>En 1968, junto a <strong>Antoine<\/strong>, es finalista de <em>Sanremo<\/em> con <em>\u201cLa tramontana\u201d<\/em>, un gran \u00e9xito, cuyos autores son <em>Daniele Pace y Mario Panzeri<\/em>.\u00a0 La canci\u00f3n logr\u00f3 el quinto puesto del festival. El simple entr\u00f3 en el hit parade italiano y tres semanas despu\u00e9s (el 2 de marzo de 1968) lleg\u00f3 al n\u00famero uno, y se mantuvo en el top ten hasta el mes de mayo.\u00a0 En Italia el single de <strong>Antoine<\/strong> vendi\u00f3 600 mil copias, en tanto que el de <strong>Pettenati<\/strong> logr\u00f3 ventas por la mitad. Pero su gran suceso con esa misma canci\u00f3n fue en Espa\u00f1a y Argentina, pa\u00eds este \u00faltimo donde el simple bati\u00f3 r\u00e9cords de ventas y popularidad.<\/p>\n<p>En esta recopilaci\u00f3n <em><strong>exclusiva de P&amp;C<\/strong><\/em> he reunido todas esas canciones de <strong>Gianni Pettenati <\/strong>(siempre acompa\u00f1ado por la <em>Orquesta de Giancarlo Chiaramello<\/em>), e inclu\u00ed como bonus track la versi\u00f3n de <strong>Antoine<\/strong> de <em>\u201cLa tramontana\u201d<\/em>.<\/p>\n<p><em><strong>Las cubiertas fueron\u00a0 realizadas especialmente por Paola.<\/strong><\/em><\/p>\n<p>***<\/p>\n<p><a href=\"http:\/\/www.megaupload.com\/?d=8ON7PIB7\"><strong>Aqu\u00ed<\/strong><\/a><\/p>\n<p>***<\/p>\n","protected":false},"excerpt":{"rendered":"<p>Gianni Pettenati naci\u00f3 en Piacenza el 29 de octubre de 1945 y es un cantante italiano que, adem\u00e1s, se ha desenvuelto como cr\u00edtico musical, dramaturgo y autor de varios libros sobre la historia de la m\u00fasica leggera italiana. A los seis a\u00f1os gan\u00f3 un concurso de cantantes, y dos a\u00f1os despu\u00e9s inicio sus estudios de [&hellip;]<\/p>\n","protected":false},"author":5,"featured_media":0,"comment_status":"open","ping_status":"open","sticky":false,"template":"","format":"standard","meta":{"footnotes":""},"categories":[453],"tags":[3,41],"class_list":["post-4104","post","type-post","status-publish","format-standard","hentry","category-gianni-pettenati","tag-italia","tag-pop"],"_links":{"self":[{"href":"https:\/\/pandc.10z.com.ar\/index.php?rest_route=\/wp\/v2\/posts\/4104","targetHints":{"allow":["GET"]}}],"collection":[{"href":"https:\/\/pandc.10z.com.ar\/index.php?rest_route=\/wp\/v2\/posts"}],"about":[{"href":"https:\/\/pandc.10z.com.ar\/index.php?rest_route=\/wp\/v2\/types\/post"}],"author":[{"embeddable":true,"href":"https:\/\/pandc.10z.com.ar\/index.php?rest_route=\/wp\/v2\/users\/5"}],"replies":[{"embeddable":true,"href":"https:\/\/pandc.10z.com.ar\/index.php?rest_route=%2Fwp%2Fv2%2Fcomments&post=4104"}],"version-history":[{"count":0,"href":"https:\/\/pandc.10z.com.ar\/index.php?rest_route=\/wp\/v2\/posts\/4104\/revisions"}],"wp:attachment":[{"href":"https:\/\/pandc.10z.com.ar\/index.php?rest_route=%2Fwp%2Fv2%2Fmedia&parent=4104"}],"wp:term":[{"taxonomy":"category","embeddable":true,"href":"https:\/\/pandc.10z.com.ar\/index.php?rest_route=%2Fwp%2Fv2%2Fcategories&post=4104"},{"taxonomy":"post_tag","embeddable":true,"href":"https:\/\/pandc.10z.com.ar\/index.php?rest_route=%2Fwp%2Fv2%2Ftags&post=4104"}],"curies":[{"name":"wp","href":"https:\/\/api.w.org\/{rel}","templated":true}]}}