{"id":3871,"date":"2011-03-22T06:18:58","date_gmt":"2011-03-22T09:18:58","guid":{"rendered":"http:\/\/pandc.10z.com.ar\/?p=3871"},"modified":"2011-03-22T14:06:16","modified_gmt":"2011-03-22T17:06:16","slug":"jorge-ben-jor-acustico-mtv-2002","status":"publish","type":"post","link":"https:\/\/pandc.10z.com.ar\/?p=3871","title":{"rendered":"Jorge Ben Jor &#8211; Ac\u00fastico MTV (2002)"},"content":{"rendered":"<p style=\"text-align: center;\"><a href=\"https:\/\/pandc.10z.com.ar\/wp-content\/img\/benacfront.jpg\" target=\"_blank\"><img loading=\"lazy\" decoding=\"async\" class=\"aligncenter\" src=\"https:\/\/pandc.10z.com.ar\/wp-content\/img\/benacfront.jpg\" alt=\"\" width=\"400\" height=\"400\" \/><\/a><\/p>\n<p style=\"text-align: center;\"><a href=\"https:\/\/pandc.10z.com.ar\/wp-content\/img\/benacback.jpg\" target=\"_blank\"><img loading=\"lazy\" decoding=\"async\" class=\"aligncenter\" src=\"https:\/\/pandc.10z.com.ar\/wp-content\/img\/benacback.jpg\" alt=\"\" width=\"400\" height=\"330\" \/><\/a><\/p>\n<p style=\"text-align: left;\">Este disco fue grabado en enero de 2002, en la versi\u00f3n brasile\u00f1a de los <em>MTV Unplugged<\/em>. Y es un disco doble porque el primero de ellos presenta la primer mitad del show, presentando la reuni\u00f3n de la banda que acompa\u00f1\u00f3 a <strong>Jorge Ben Jor <\/strong>en la d\u00e9cada de 1970 (<em>Admiral Jorge V<\/em>).\u00a0 El segundo CD presenta a su banda actual (<em>Banda Do Ze Pretinho<\/em>).\u00a0 En ambos casos, se destaca el acompa\u00f1amiento de una orquesta que le da un toque especial a cada interpretaci\u00f3n.<\/p>\n<p>Est\u00e1n aqu\u00ed reunidos la mayor\u00eda de los hits de <strong>Jorge Ben Jor<\/strong>, desde sus inicios en 1963 y repasando cuarenta a\u00f1os de carrera musical.\u00a0 Es uno de los mejores discos en vivo que he escuchado.<\/p>\n<p>***<br \/>\n<a href=\"http:\/\/www.megaupload.com\/?d=9OU194GQ\"><strong><br \/>\nAqu\u00ed<\/strong><\/a><\/p>\n<p><a href=\"http:\/\/www.megaupload.com\/?d=E71LKQL0\"><strong>Aqu\u00ed<\/strong><\/a><\/p>\n<p>***<\/p>\n","protected":false},"excerpt":{"rendered":"<p>Este disco fue grabado en enero de 2002, en la versi\u00f3n brasile\u00f1a de los MTV Unplugged. Y es un disco doble porque el primero de ellos presenta la primer mitad del show, presentando la reuni\u00f3n de la banda que acompa\u00f1\u00f3 a Jorge Ben Jor en la d\u00e9cada de 1970 (Admiral Jorge V).\u00a0 El segundo CD [&hellip;]<\/p>\n","protected":false},"author":5,"featured_media":0,"comment_status":"open","ping_status":"open","sticky":false,"template":"","format":"standard","meta":{"footnotes":""},"categories":[438],"tags":[12,182,23,41],"class_list":["post-3871","post","type-post","status-publish","format-standard","hentry","category-jorge-ben-jor","tag-brasil","tag-funk","tag-latino","tag-pop"],"_links":{"self":[{"href":"https:\/\/pandc.10z.com.ar\/index.php?rest_route=\/wp\/v2\/posts\/3871","targetHints":{"allow":["GET"]}}],"collection":[{"href":"https:\/\/pandc.10z.com.ar\/index.php?rest_route=\/wp\/v2\/posts"}],"about":[{"href":"https:\/\/pandc.10z.com.ar\/index.php?rest_route=\/wp\/v2\/types\/post"}],"author":[{"embeddable":true,"href":"https:\/\/pandc.10z.com.ar\/index.php?rest_route=\/wp\/v2\/users\/5"}],"replies":[{"embeddable":true,"href":"https:\/\/pandc.10z.com.ar\/index.php?rest_route=%2Fwp%2Fv2%2Fcomments&post=3871"}],"version-history":[{"count":0,"href":"https:\/\/pandc.10z.com.ar\/index.php?rest_route=\/wp\/v2\/posts\/3871\/revisions"}],"wp:attachment":[{"href":"https:\/\/pandc.10z.com.ar\/index.php?rest_route=%2Fwp%2Fv2%2Fmedia&parent=3871"}],"wp:term":[{"taxonomy":"category","embeddable":true,"href":"https:\/\/pandc.10z.com.ar\/index.php?rest_route=%2Fwp%2Fv2%2Fcategories&post=3871"},{"taxonomy":"post_tag","embeddable":true,"href":"https:\/\/pandc.10z.com.ar\/index.php?rest_route=%2Fwp%2Fv2%2Ftags&post=3871"}],"curies":[{"name":"wp","href":"https:\/\/api.w.org\/{rel}","templated":true}]}}