{"id":3838,"date":"2018-07-01T10:11:04","date_gmt":"2018-07-01T13:11:04","guid":{"rendered":"http:\/\/pandc.10z.com.ar\/?p=3838"},"modified":"2018-07-02T02:17:36","modified_gmt":"2018-07-02T05:17:36","slug":"astor-piazzolla-lo-que-vendra-1957-2","status":"publish","type":"post","link":"https:\/\/pandc.10z.com.ar\/?p=3838","title":{"rendered":"Astor Piazzolla \u2013 Lo Que Vendr\u00e1 (1957)"},"content":{"rendered":"<p style=\"text-align: center;\"><a href=\"https:\/\/pandc.10z.com.ar\/wp-content\/img\/loquevendrafront.jpg\" target=\"_blank\"><img loading=\"lazy\" decoding=\"async\" class=\"aligncenter\" src=\"https:\/\/pandc.10z.com.ar\/wp-content\/img\/loquevendrafront.jpg\" alt=\"\" width=\"400\" height=\"400\" \/><\/a><\/p>\n<p style=\"text-align: center;\"><a href=\"https:\/\/pandc.10z.com.ar\/wp-content\/img\/loquevendraback.jpg\" target=\"_blank\"><img loading=\"lazy\" decoding=\"async\" class=\"aligncenter\" src=\"https:\/\/pandc.10z.com.ar\/wp-content\/img\/loquevendraback.jpg\" alt=\"\" width=\"400\" height=\"400\" \/><\/a><\/p>\n<p style=\"text-align: left;\">Cuando<strong> Piazzolla <\/strong>vuelve a la Argentina (1955) contin\u00faa con la orquesta de cuerdas y adem\u00e1s forma un conjunto, el <em>Octeto Buenos Aires<\/em> con el que publica dos \u00e1lbumes (ver <a href=\"https:\/\/pandc.10z.com.ar\/?p=3687\"><strong>AQU\u00cd<\/strong><\/a>).\u00a0 Como hemos dicho, comienza su revoluci\u00f3n solitaria, despertando en su contra las m\u00e1s impiadosas cr\u00edticas.\u00a0 En 1958 disuelve el <em>Octeto<\/em> y la <em>Orquesta de Cuerdas<\/em> y viaja a Nueva York a trabajar como arreglador. Es con esa Orquesta por la que est\u00e1 acompa\u00f1ado en dos discos publicados en\u00a0 1957, uno de ellos \u00e9ste.<\/p>\n<p>En este disco aparecen dos temas, <em>\u201cBando\u201d<\/em> y <em>\u201cContrastes\u201d<\/em>, grabados por un <em>Quinteto\u00a0 Nuevo Tiempo<\/em> que no es el Quinteto de Astor Piazzolla. El paso de los a\u00f1os,distintas reediciones, desconocimiento de comentaristas y de grabadoras, crearon todav\u00eda mayor confusi\u00f3n y fueron adjudicados al Quinteto de Piazzolla.<\/p>\n<p><strong>M\u00fasicos:<\/strong><\/p>\n<p><strong>Astor Piazzolla:<\/strong> bandone\u00f3n, arreglos, direcci\u00f3n<br \/>\n<strong>Elvino Vardaro:<\/strong> viol\u00edn<br \/>\n<strong>Jaime Gosis:<\/strong> piano<br \/>\n<strong>Jos\u00e9 Bragato:<\/strong> violoncello<br \/>\n<strong>Juan Vasallo:<\/strong> bajo<br \/>\n<strong>Jorge Sobral: <\/strong>voz<\/p>\n<p><strong>Tracklist:<\/strong><\/p>\n<p>01. Lo que vendr\u00e1<br \/>\n<em>(Astor Piazzolla)<\/em><br \/>\n02. Miedo<br \/>\n<em>(Elvino Vardaro &#8211; Oscar A. Arona &#8211; Francisco Garc\u00eda Jim\u00e9nez)<\/em><br \/>\n03. Yo soy el negro<br \/>\n<em>(Astor Piazzolla &#8211; Carlos Gorostiza)<br \/>\nCanta: Jorge Sobral<\/em><br \/>\n04. Sensiblero<br \/>\n<em>(Juli\u00e1n Plaza)<\/em><br \/>\n05. Bando<br \/>\n<em>(Astor Piazzolla)<\/em><br \/>\n06. Tres minutos con la realidad<br \/>\n<em>(Astor Piazzolla)<\/em><br \/>\n07. Noche de amor<br \/>\n<em>(Fernando Franco &#8211; Luis Rubistein)<\/em><br \/>\n08. La tarde del adi\u00f3s<br \/>\n<em>(Fernando L\u00f3pez &#8211; Roberto Lambertucci)<br \/>\nCanta Jorge Sobral<\/em><br \/>\n09. La cachila<br \/>\n<em>(Eduardo Arolas)<\/em><br \/>\n10. Contrastes<br \/>\n<em>(Astor Piazzolla)<\/em><\/p>\n<p>***********<\/p>\n<p><a href=\"https:\/\/yadi.sk\/d\/FmFXRKY63Yf8QL\" target=\"_blank\"><strong>Descarga directa<\/strong><\/a><\/p>\n<p>***********<\/p>\n","protected":false},"excerpt":{"rendered":"<p>Cuando Piazzolla vuelve a la Argentina (1955) contin\u00faa con la orquesta de cuerdas y adem\u00e1s forma un conjunto, el Octeto Buenos Aires con el que publica dos \u00e1lbumes (ver AQU\u00cd).\u00a0 Como hemos dicho, comienza su revoluci\u00f3n solitaria, despertando en su contra las m\u00e1s impiadosas cr\u00edticas.\u00a0 En 1958 disuelve el Octeto y la Orquesta de Cuerdas [&hellip;]<\/p>\n","protected":false},"author":5,"featured_media":0,"comment_status":"open","ping_status":"open","sticky":false,"template":"","format":"standard","meta":{"footnotes":""},"categories":[31],"tags":[389,15],"class_list":["post-3838","post","type-post","status-publish","format-standard","hentry","category-astor-piazzolla","tag-argentina","tag-tango"],"_links":{"self":[{"href":"https:\/\/pandc.10z.com.ar\/index.php?rest_route=\/wp\/v2\/posts\/3838","targetHints":{"allow":["GET"]}}],"collection":[{"href":"https:\/\/pandc.10z.com.ar\/index.php?rest_route=\/wp\/v2\/posts"}],"about":[{"href":"https:\/\/pandc.10z.com.ar\/index.php?rest_route=\/wp\/v2\/types\/post"}],"author":[{"embeddable":true,"href":"https:\/\/pandc.10z.com.ar\/index.php?rest_route=\/wp\/v2\/users\/5"}],"replies":[{"embeddable":true,"href":"https:\/\/pandc.10z.com.ar\/index.php?rest_route=%2Fwp%2Fv2%2Fcomments&post=3838"}],"version-history":[{"count":0,"href":"https:\/\/pandc.10z.com.ar\/index.php?rest_route=\/wp\/v2\/posts\/3838\/revisions"}],"wp:attachment":[{"href":"https:\/\/pandc.10z.com.ar\/index.php?rest_route=%2Fwp%2Fv2%2Fmedia&parent=3838"}],"wp:term":[{"taxonomy":"category","embeddable":true,"href":"https:\/\/pandc.10z.com.ar\/index.php?rest_route=%2Fwp%2Fv2%2Fcategories&post=3838"},{"taxonomy":"post_tag","embeddable":true,"href":"https:\/\/pandc.10z.com.ar\/index.php?rest_route=%2Fwp%2Fv2%2Ftags&post=3838"}],"curies":[{"name":"wp","href":"https:\/\/api.w.org\/{rel}","templated":true}]}}