{"id":3836,"date":"2020-10-27T10:04:00","date_gmt":"2020-10-27T13:04:00","guid":{"rendered":"http:\/\/pandc.10z.com.ar\/?p=3836"},"modified":"2020-10-28T22:39:34","modified_gmt":"2020-10-29T01:39:34","slug":"astor-piazzolla-tango-en-hi-fi-1957","status":"publish","type":"post","link":"https:\/\/pandc.10z.com.ar\/?p=3836","title":{"rendered":"Astor Piazzolla &#8211; Tango en Hi-Fi (1957)"},"content":{"rendered":"<p style=\"text-align: center;\"><a href=\"https:\/\/pandc.10z.com.ar\/wp-content\/img\/astotangohifi.jpg\" target=\"_blank\" rel=\"noopener noreferrer\"><img loading=\"lazy\" decoding=\"async\" class=\"aligncenter\" src=\"https:\/\/pandc.10z.com.ar\/wp-content\/img\/astotangohifi.jpg\" alt=\"\" width=\"400\" height=\"400\"><\/a><\/p>\n<p style=\"text-align: left;\">En 1958 <strong>Astor<\/strong> disuelve el <em>Octeto<\/em> y la <em>Orquesta de Cuerdas<\/em> y viaja a Nueva York a trabajar como arreglador. Es con esa <em>Orquesta de Cuerdas<\/em> por la que est\u00e1 acompa\u00f1ado en dos discos publicados en&nbsp; 1957, el segundo&nbsp; de ellos \u00e9ste que aqu\u00ed presentamos.<\/p>\n<p><strong>M\u00fasicos:<\/strong><\/p>\n<p><strong>Astor Piazzolla:<\/strong> bandone\u00f3n, arreglos, direcci\u00f3n<br \/>\n<strong>Elvino Vardaro: <\/strong>viol\u00edn<br \/>\n<strong>Jaime Gosis:<\/strong> piano<br \/>\n<strong>Jos\u00e9 Bragato:<\/strong> violoncello<br \/>\n<strong>Juan Vasallo:<\/strong> bajo<br \/>\n<strong>Jorge Sobral: <\/strong>voz<\/p>\n<p><strong>Tracklist:<\/strong><\/p>\n<p>01. Tango del \u00e1ngel<br \/>\n<em>(Astor Piazzolla)<\/em><br \/>\n02. Melanc\u00f3lico Buenos Aires<br \/>\n<em>(Astor Piazzolla)<\/em><br \/>\n03. Loca bohemia<br \/>\n<em>(Francisco De Caro &#8211; Dante A. Linyera)<\/em><br \/>\n04. Siempre Par\u00eds<br \/>\n<em>(Virgilio y Homero Exp\u00f3sito)<br \/>\nCanta Jorge Sobral <\/em><br \/>\n05. Tres minutos con la realidad<br \/>\n<em>(Astor Piazzolla)<\/em><br \/>\n06. La cumparsita<br \/>\n<em>(Gerardo Hern\u00e1n Matos Rodr\u00edguez &#8211; Pascual Contursi &#8211; Enrique P. Maroni)<\/em><br \/>\n07. Fuimos<br \/>\n<em>(Jos\u00e9 Dames &#8211; Homero Manzi)<br \/>\nCanta Jorge Sobral<\/em><br \/>\n08. Del bajo fondo &#8211;<br \/>\n<em>(Jos\u00e9 y Osvaldo Tarantino)<\/em><br \/>\n09. Inspiraci\u00f3n<br \/>\n<em>(Peregrino Paulos &#8211; Luis Rubistein)<\/em><br \/>\n10. Prep\u00e1rense<br \/>\n<em>(Astor Piazzolla)<\/em><\/p>\n<p>***********<\/p>\n<p><a href=\"https:\/\/yadi.sk\/d\/TRVj1fSGJkz5uA\"><strong>Descarga directa<\/strong><\/a><\/p>\n<p>***********<\/p>\n","protected":false},"excerpt":{"rendered":"<p>En 1958 Astor disuelve el Octeto y la Orquesta de Cuerdas y viaja a Nueva York a trabajar como arreglador. Es con esa Orquesta de Cuerdas por la que est\u00e1 acompa\u00f1ado en dos discos publicados en&nbsp; 1957, el segundo&nbsp; de ellos \u00e9ste que aqu\u00ed presentamos. M\u00fasicos: Astor Piazzolla: bandone\u00f3n, arreglos, direcci\u00f3n Elvino Vardaro: viol\u00edn Jaime [&hellip;]<\/p>\n","protected":false},"author":5,"featured_media":0,"comment_status":"open","ping_status":"open","sticky":false,"template":"","format":"standard","meta":{"footnotes":""},"categories":[31],"tags":[389,15],"class_list":["post-3836","post","type-post","status-publish","format-standard","hentry","category-astor-piazzolla","tag-argentina","tag-tango"],"_links":{"self":[{"href":"https:\/\/pandc.10z.com.ar\/index.php?rest_route=\/wp\/v2\/posts\/3836","targetHints":{"allow":["GET"]}}],"collection":[{"href":"https:\/\/pandc.10z.com.ar\/index.php?rest_route=\/wp\/v2\/posts"}],"about":[{"href":"https:\/\/pandc.10z.com.ar\/index.php?rest_route=\/wp\/v2\/types\/post"}],"author":[{"embeddable":true,"href":"https:\/\/pandc.10z.com.ar\/index.php?rest_route=\/wp\/v2\/users\/5"}],"replies":[{"embeddable":true,"href":"https:\/\/pandc.10z.com.ar\/index.php?rest_route=%2Fwp%2Fv2%2Fcomments&post=3836"}],"version-history":[{"count":1,"href":"https:\/\/pandc.10z.com.ar\/index.php?rest_route=\/wp\/v2\/posts\/3836\/revisions"}],"predecessor-version":[{"id":6344,"href":"https:\/\/pandc.10z.com.ar\/index.php?rest_route=\/wp\/v2\/posts\/3836\/revisions\/6344"}],"wp:attachment":[{"href":"https:\/\/pandc.10z.com.ar\/index.php?rest_route=%2Fwp%2Fv2%2Fmedia&parent=3836"}],"wp:term":[{"taxonomy":"category","embeddable":true,"href":"https:\/\/pandc.10z.com.ar\/index.php?rest_route=%2Fwp%2Fv2%2Fcategories&post=3836"},{"taxonomy":"post_tag","embeddable":true,"href":"https:\/\/pandc.10z.com.ar\/index.php?rest_route=%2Fwp%2Fv2%2Ftags&post=3836"}],"curies":[{"name":"wp","href":"https:\/\/api.w.org\/{rel}","templated":true}]}}