{"id":3824,"date":"2011-03-12T00:01:14","date_gmt":"2011-03-12T03:01:14","guid":{"rendered":"http:\/\/pandc.10z.com.ar\/?p=3824"},"modified":"2011-11-03T20:29:21","modified_gmt":"2011-11-03T22:29:21","slug":"maria-bethania-tempo-tempo-tempo-tempo-ao-vivo-dvd-rip-2005","status":"publish","type":"post","link":"https:\/\/pandc.10z.com.ar\/?p=3824","title":{"rendered":"Mar\u00eda Beth\u00e2nia \u2013 Tempo, Tempo, Tempo, Tempo (Ao Vivo \u2013 DVD rip) (2005)"},"content":{"rendered":"<p style=\"text-align: center;\"><a href=\"https:\/\/pandc.10z.com.ar\/wp-content\/img\/tempofrontdvd.jpg\" target=\"_blank\"><img loading=\"lazy\" decoding=\"async\" class=\"aligncenter\" src=\"https:\/\/pandc.10z.com.ar\/wp-content\/img\/tempofrontdvd.jpg\" alt=\"\" width=\"400\" height=\"560\" \/><\/a><\/p>\n<p style=\"text-align: center;\"><a href=\"https:\/\/pandc.10z.com.ar\/wp-content\/img\/tempobackdvd.jpg\" target=\"_blank\"><img loading=\"lazy\" decoding=\"async\" class=\"aligncenter\" src=\"https:\/\/pandc.10z.com.ar\/wp-content\/img\/tempobackdvd.jpg\" alt=\"\" width=\"400\" height=\"560\" \/><\/a><\/p>\n<p style=\"text-align: left;\">Con este show <strong>Mar\u00eda Beth\u00e2nia<\/strong> festej\u00f3 sus cuarenta a\u00f1os de carrera musical, y el DVD correspondiente fue grabado en el <em>CIE Musica Hall <\/em>de San Pablo, Brasil, aunque el\u00a0 show la llev\u00f3 por las principales capitales brasile\u00f1as, Espa\u00f1a, Portugal y Argentina.<\/p>\n<p><strong>Beth\u00e2nia<\/strong> recrea cuatro d\u00e9cadas de los compositores m\u00e1s presentes en su trayectoria y<br \/>\nno por casualidad <strong>Vinicius de Moraes<\/strong> constituy\u00f3 un estandarte en este show y en la propia carrera de <strong>Beth\u00e2ania<\/strong>, y siguiendo la l\u00ednea de su CD <em>\u201cQue falta voc\u00ea me faz\u201d<\/em>, el espect\u00e1culo tambi\u00e9n tiene muchas de esas composiciones del Poeta con <strong>Antonio Carlos Jobim<\/strong> (<em>\u201cOlha Maria\u201d, \u201cModinha\u201d, \u201cA felicidade\u201d, \u201cLamento no morro\u201d, \u201cMon\u00f3logo de Orfeu\u201d, \u201cSoneto de separa\u00e7\u00e3o\u201d, \u201cMulher sempre mulher\u201d<\/em>); <strong>Baden Powell<\/strong> (<em>\u201cO astronauta\u201d, \u201cFormosa\u201d, \u201cSamba da b\u00ean\u00e7\u00e3o\u201d<\/em>); <strong>Carlos Lyra<\/strong> (<em>\u201cVoc\u00ea e eu\u201d<\/em>) y <strong>Chico Buarque<\/strong> (<em>\u201cGente humilde\u201d<\/em>).<\/p>\n<p><strong>M\u00fasicos:<\/strong><\/p>\n<p><strong>Jaime Alem: <\/strong>arreglos, direcci\u00f3n, guitarra<br \/>\n<strong>Jo\u00e3o Castilho: <\/strong>guitarra, viol\u00f3n<br \/>\n<strong>Jo\u00e3o Carlos Coutinho:<\/strong> piano<br \/>\n<strong>R\u00f4mulo Gomes:<\/strong> bajo<br \/>\n<strong>Marcio Mallard:<\/strong> violoncello<\/p>\n<p><strong>CD 1<\/strong><\/p>\n<p>01. Abertura do show<\/p>\n<p>02. Olha Maria<br \/>\n<em>(Vinicius de Moraes \/ Tom Jobim \/ Chico Buarque) <\/em><\/p>\n<p>03.Modinha<br \/>\n<em>(Tom Jobim \/ Vinicius de Moraes) <\/em><\/p>\n<p>04. Poetica I<br \/>\n<em>(Vinicius de Moraes) <\/em><\/p>\n<p>05. Ora\u00e7\u00e3o ao Tempo<br \/>\n<em>(Caetano Veloso) <\/em><\/p>\n<p>06. O Astronauta<br \/>\n<em>(Baden Powell \/ Vinicius de Moraes) <\/em><\/p>\n<p>07. Nossos Momentos<br \/>\n<em>(Caetano Veloso) <\/em><\/p>\n<p>08. Iluminada<br \/>\n<em>(Roberto Mendes \/ Jorge Portugal) <\/em><\/p>\n<p>09. Nos Combates Desta Vida<br \/>\n<em>(D. Ivone Lara \/ Delcio Carvalho) <\/em><\/p>\n<p>10. Nature Boy<br \/>\n<em>(Eden Ahbez) \/ Encantado &#8211; versao Caetano Veloso) <\/em><\/p>\n<p>11. A Felicidade<br \/>\n<em>(Tom Jobim \/ VInicius de Moraes) <\/em><\/p>\n<p>12. Lamento no Morro<br \/>\n<em>(Tom Jobim \/ Vinicius de Moraes) <\/em><\/p>\n<p>13. Monologo de Orfeu<br \/>\n<em>(Tom Jobim \/ Vinicius de Moraes) <\/em><\/p>\n<p>14. Quem te Viu, quem te V\u00ea<br \/>\n<em>(Chico Buarque) <\/em><\/p>\n<p>15. Formosa<br \/>\n<em>(Vinicius de Moraes \/ Baden Powell) <\/em><\/p>\n<p>16. Soneto de Separac\u00e3o<br \/>\n<em>(Vinicius de Moraes \/ Tom Jobim) <\/em><\/p>\n<p>17. Bom Dia Tristeza<br \/>\n<em>(Vinicius de Moraes \/ Adoniram Barbosa) <\/em><\/p>\n<p>18. Olhos nos Olhos<br \/>\n<em>(Chico Buarque) <\/em><\/p>\n<p>19. Vai Ficar na Saudade<br \/>\n<em>(Benito di Paula) <\/em><\/p>\n<p>20. Volta por cima<em><br \/>\n(Paulo Vanzoline) <\/em><\/p>\n<p>21. Vem Quente que eu Estou Fervendo<br \/>\n<em>(Carlos Imperial \/ Eduardo Araujo) <\/em><\/p>\n<p>22. Mulher Sempre Mulher<br \/>\n<em>(Tom Jobim \/ Vinicius de Moraes) <\/em><\/p>\n<p>23. Su\u00edte Bach &#8211; Baden: Prel\u00fadio No. 9 \/ Berimbau \/ Canto de Ossanha<br \/>\n<em>(JS Bach, Baden Powell e Vinicius de Moraes) <\/em><\/p>\n<p><strong>CD 2<\/strong><\/p>\n<p>01. Carcar\u00e1<br \/>\n<em>(Joao do Vale) <\/em><\/p>\n<p>02. Gita<br \/>\n<em>(Raul Seixas \/ Paulo Coelho) <\/em><\/p>\n<p>03. Felicidade<br \/>\n<em>(Lupc\u00ednio Rodrigues) <\/em><\/p>\n<p>04. Foguete<br \/>\n<em>(Roque Ferreira \/ J. Velloso) <\/em><\/p>\n<p>05. Chu\u00e1\u2013Chu\u00e1<br \/>\n<em>(Ary Pav\u00e3o \/ Pedro de S\u00e1 Pereira) <\/em><\/p>\n<p>06. Usina de prata<br \/>\n<em>(Rosinha de Valen\u00e7a) <\/em><\/p>\n<p>07. Gente Humilde<br \/>\n<em>(Chico Buarque \/ Vinicius de Moraes \/ Garoto) <\/em><\/p>\n<p>08. Teresinha<br \/>\n<em>(Chico Buarque) <\/em><\/p>\n<p>09. Voc\u00ea e Eu<br \/>\n<em>(Carlos Lyra \/ Vinicius de Moraes)<\/em><\/p>\n<p>10. O Mais que Perfeito<br \/>\n<em>(Jards Macale \/ Vinicius de Moraes) <\/em><\/p>\n<p>11. Como Dizia o Poeta<br \/>\n<em>(Vinicius de Moraes \/ Toquinho) <\/em><\/p>\n<p>12. Samba da Ben\u00e7\u00e3o<br \/>\n<em>(Baden Powell \/ Vinicius de Moraes) <\/em><\/p>\n<p>13. Tarde em Itapu\u00e3<br \/>\n<em>(Toquinho \/ Vinicius de Moraes)<\/em><\/p>\n<p>14. Sabi\u00e1 de Mangueira<br \/>\n<em>(Fraz\u00e3o \/ Benedito Lacerda) <\/em><\/p>\n<p>15. Um Dia pra Vadiar<br \/>\n<em>(Totonho Villeroy) <\/em><\/p>\n<p>16. Plan\u00edcie de Prata<br \/>\n<em>(Almir Sater \/ Paulo Solimoes) <\/em><\/p>\n<p>17. C\u00e9u de Santo Amaro<br \/>\n<em>(J.S. Bach \/ Flavio Venturini) <\/em><\/p>\n<p>18. Resposta<br \/>\n<em>(Maysa) <\/em><\/p>\n<p>19. Reconvexo<br \/>\n<em>(Caetano Veloso) <\/em><\/p>\n<p>20. O que \u00e9 O que \u00e9?<br \/>\n<em>(Gonzaguinha) <\/em><\/p>\n<p>***<\/p>\n<p><a href=\"http:\/\/www.megaupload.com\/?d=4G0FHM6W\" target=\"_blank\"><strong>Aqu\u00ed<\/strong><\/a><\/p>\n<p><a href=\"http:\/\/www.megaupload.com\/?d=0VNN6K8U\" target=\"_blank\"><strong>Aqu\u00ed<\/strong><\/a><\/p>\n<p><a href=\"http:\/\/www.megaupload.com\/?d=3DBRMD1J\" target=\"_blank\"><strong>Aqu\u00ed<\/strong><\/a><\/p>\n<p>***<\/p>\n","protected":false},"excerpt":{"rendered":"<p>Con este show Mar\u00eda Beth\u00e2nia festej\u00f3 sus cuarenta a\u00f1os de carrera musical, y el DVD correspondiente fue grabado en el CIE Musica Hall de San Pablo, Brasil, aunque el\u00a0 show la llev\u00f3 por las principales capitales brasile\u00f1as, Espa\u00f1a, Portugal y Argentina. Beth\u00e2nia recrea cuatro d\u00e9cadas de los compositores m\u00e1s presentes en su trayectoria y no [&hellip;]<\/p>\n","protected":false},"author":5,"featured_media":0,"comment_status":"open","ping_status":"open","sticky":false,"template":"","format":"standard","meta":{"footnotes":""},"categories":[59],"tags":[12],"class_list":["post-3824","post","type-post","status-publish","format-standard","hentry","category-maria-bethania","tag-brasil"],"_links":{"self":[{"href":"https:\/\/pandc.10z.com.ar\/index.php?rest_route=\/wp\/v2\/posts\/3824","targetHints":{"allow":["GET"]}}],"collection":[{"href":"https:\/\/pandc.10z.com.ar\/index.php?rest_route=\/wp\/v2\/posts"}],"about":[{"href":"https:\/\/pandc.10z.com.ar\/index.php?rest_route=\/wp\/v2\/types\/post"}],"author":[{"embeddable":true,"href":"https:\/\/pandc.10z.com.ar\/index.php?rest_route=\/wp\/v2\/users\/5"}],"replies":[{"embeddable":true,"href":"https:\/\/pandc.10z.com.ar\/index.php?rest_route=%2Fwp%2Fv2%2Fcomments&post=3824"}],"version-history":[{"count":0,"href":"https:\/\/pandc.10z.com.ar\/index.php?rest_route=\/wp\/v2\/posts\/3824\/revisions"}],"wp:attachment":[{"href":"https:\/\/pandc.10z.com.ar\/index.php?rest_route=%2Fwp%2Fv2%2Fmedia&parent=3824"}],"wp:term":[{"taxonomy":"category","embeddable":true,"href":"https:\/\/pandc.10z.com.ar\/index.php?rest_route=%2Fwp%2Fv2%2Fcategories&post=3824"},{"taxonomy":"post_tag","embeddable":true,"href":"https:\/\/pandc.10z.com.ar\/index.php?rest_route=%2Fwp%2Fv2%2Ftags&post=3824"}],"curies":[{"name":"wp","href":"https:\/\/api.w.org\/{rel}","templated":true}]}}